{"id":438,"date":"2010-10-07T14:12:15","date_gmt":"2010-10-07T12:12:15","guid":{"rendered":"http:\/\/xarxaomnia.gencat.cat\/blocs\/omniaavvpomar\/?p=438"},"modified":"2010-10-07T14:12:43","modified_gmt":"2010-10-07T12:12:43","slug":"la-gent-de-pomar-participa-al-6e-congres-de-la-gent-gran","status":"publish","type":"post","link":"https:\/\/bloc.xarxa-omnia.org\/pomar\/2010\/10\/07\/la-gent-de-pomar-participa-al-6e-congres-de-la-gent-gran\/","title":{"rendered":"La gent de Pomar participa al 6\u00e8 Congres de la Gent Gran"},"content":{"rendered":"<p><strong>TIC i mem\u00f2ria personal<\/strong><\/p>\n<p>Al punt \u00d2mnia de l&#8217;A.VV. Pomar de Badalona, es porten a terme habitualment activitats amb gent gran, com ara l&#8217;edici\u00f3 de blocs, el retoc d&#8217;imatge, la videoconfer\u00e8ncia, el correu electr\u00f2nic, entre moltes altres eines tecnol\u00f2giques, que promouen el seu desenvolupament personal i els posen en contacte amb altres persones com ells. Es fomenta especialment que escriguin les seves mem\u00f2ries personals amb eines TIC. <\/p>\n<p>En els seg\u00fcents v\u00eddeos, podem veure la Nelly Villegas, dinamitzadora del punt, comentant les activitats que s&#8217;hi realitzen amb gent gran, i alguns participants tamb\u00e9 expliquen qu\u00e8 hi fan, durant una de les reunions informatives sobre el 6\u00e8 Congr\u00e9s de la Gent Gran, al passat mes de juny.<\/p>\n<p><a href=\"http:\/\/wiki.punttic.cat\/Gentgran\/index.php\/TIC_i_mem%C3%B2ria_personal\">http:\/\/wiki.punttic.cat\/Gentgran\/index.php\/TIC_i_mem%C3%B2ria_personal<\/a><\/p>\n","protected":false},"excerpt":{"rendered":"<p>TIC i mem\u00f2ria personal Al punt \u00d2mnia de l&#8217;A.VV. Pomar de Badalona, es porten a terme habitualment activitats amb gent gran, com ara l&#8217;edici\u00f3 de blocs, el retoc d&#8217;imatge, la videoconfer\u00e8ncia, el correu electr\u00f2nic, entre moltes altres eines tecnol\u00f2giques, que promouen el seu desenvolupament personal i els posen en contacte amb altres persones com ells. &#8230; <span class=\"more\"><a class=\"more-link\" href=\"https:\/\/bloc.xarxa-omnia.org\/pomar\/2010\/10\/07\/la-gent-de-pomar-participa-al-6e-congres-de-la-gent-gran\/\">[Read more&#8230;]<\/a><\/span><\/p>\n","protected":false},"author":101,"featured_media":0,"comment_status":"closed","ping_status":"open","sticky":false,"template":"","format":"standard","meta":{"footnotes":""},"categories":[624,1],"tags":[],"class_list":{"0":"entry","1":"post","2":"publish","3":"author-omniaavvpomar","4":"post-438","6":"format-standard","7":"category-taller-gent-gran","8":"category-mnia"},"_links":{"self":[{"href":"https:\/\/bloc.xarxa-omnia.org\/pomar\/wp-json\/wp\/v2\/posts\/438","targetHints":{"allow":["GET"]}}],"collection":[{"href":"https:\/\/bloc.xarxa-omnia.org\/pomar\/wp-json\/wp\/v2\/posts"}],"about":[{"href":"https:\/\/bloc.xarxa-omnia.org\/pomar\/wp-json\/wp\/v2\/types\/post"}],"author":[{"embeddable":true,"href":"https:\/\/bloc.xarxa-omnia.org\/pomar\/wp-json\/wp\/v2\/users\/101"}],"replies":[{"embeddable":true,"href":"https:\/\/bloc.xarxa-omnia.org\/pomar\/wp-json\/wp\/v2\/comments?post=438"}],"version-history":[{"count":2,"href":"https:\/\/bloc.xarxa-omnia.org\/pomar\/wp-json\/wp\/v2\/posts\/438\/revisions"}],"predecessor-version":[{"id":440,"href":"https:\/\/bloc.xarxa-omnia.org\/pomar\/wp-json\/wp\/v2\/posts\/438\/revisions\/440"}],"wp:attachment":[{"href":"https:\/\/bloc.xarxa-omnia.org\/pomar\/wp-json\/wp\/v2\/media?parent=438"}],"wp:term":[{"taxonomy":"category","embeddable":true,"href":"https:\/\/bloc.xarxa-omnia.org\/pomar\/wp-json\/wp\/v2\/categories?post=438"},{"taxonomy":"post_tag","embeddable":true,"href":"https:\/\/bloc.xarxa-omnia.org\/pomar\/wp-json\/wp\/v2\/tags?post=438"}],"curies":[{"name":"wp","href":"https:\/\/api.w.org\/{rel}","templated":true}]}}