{"id":54,"date":"2009-10-14T16:27:39","date_gmt":"2009-10-14T14:27:39","guid":{"rendered":"http:\/\/xarxaomnia.gencat.cat\/blocs\/omniaavvpomar\/?p=54"},"modified":"2010-03-10T15:45:07","modified_gmt":"2010-03-10T13:45:07","slug":"la-tristeza-de-otono","status":"publish","type":"post","link":"https:\/\/bloc.xarxa-omnia.org\/pomar\/2009\/10\/14\/la-tristeza-de-otono\/","title":{"rendered":"LA TRISTEZA DE OTO\u00d1O"},"content":{"rendered":"<p><img loading=\"lazy\" decoding=\"async\" class=\"aligncenter size-full wp-image-55\" src=\"http:\/\/xarxaomnia.gencat.cat\/blocs\/omniaavvpomar\/files\/2009\/10\/montana-nevada.jpg\" alt=\"montana-nevada\" width=\"320\" height=\"209\" srcset=\"https:\/\/bloc.xarxa-omnia.org\/pomar\/files\/2009\/10\/montana-nevada.jpg 320w, https:\/\/bloc.xarxa-omnia.org\/pomar\/files\/2009\/10\/montana-nevada-300x195.jpg 300w\" sizes=\"auto, (max-width: 320px) 100vw, 320px\" \/><\/p>\n<p>(esta imagen fue buscada por Alberto Lopez de 67 a\u00f1os, en imagenes libres)<\/p>\n<p>Es el mes en que empieza la tristeza , los dias son mas cortos, las miradas de las personas son menos sonrientes, se palpa en la\u00a0 vida misma una peque\u00f1a tristeza en las personas, empiezan a caer las hojas de los \u00e1rboles, las noches son un poco m\u00e1s largas y frias, las flores se marchitan, los mosquitos estan ausentes, las moscas ya son menos frecuentes en las plantas. Vas viendo que el campo ya no es tan verde como en la primavera, aquel olor del campo primaveral va perdiendo su olfato tan intenso, las golondrinas que revolotean ya no estan, los pajaritos anidan en sus nidos pronto, antes de que se ponga el sol. Ya nos arropamos un poco m\u00e1s por las noches en la cama, las ma\u00f1anas son mas frias y ya hay menos ba\u00f1sitas en las playas, algo esta cambiando&#8230;<\/p>\n<p>HAY UN DICHO QUE DICE ASI:<\/p>\n<p>LA PRIMAVERA SE VIENE. LA PRIMAVERA SE VA , NOSOTROS NOS IREMOS Y NO VOLVEREMOS MAS. \u00a0\u00a0\u00a0 SE FElIZ\u00a0 HASTA QUE TE LLEGUE TU HORA,\u00a0 HASTA SIEMPRE<\/p>\n<p><strong>Segismundo Pruna Garcia, edad 69 a\u00f1os<br \/>\n<\/strong><\/p>\n","protected":false},"excerpt":{"rendered":"<p>(esta imagen fue buscada por Alberto Lopez de 67 a\u00f1os, en imagenes libres) Es el mes en que empieza la tristeza , los dias son mas cortos, las miradas de las personas son menos sonrientes, se palpa en la\u00a0 vida misma una peque\u00f1a tristeza en las personas, empiezan a caer las hojas de los \u00e1rboles, &#8230; <span class=\"more\"><a class=\"more-link\" href=\"https:\/\/bloc.xarxa-omnia.org\/pomar\/2009\/10\/14\/la-tristeza-de-otono\/\">[Read more&#8230;]<\/a><\/span><\/p>\n","protected":false},"author":101,"featured_media":0,"comment_status":"closed","ping_status":"open","sticky":false,"template":"","format":"standard","meta":{"footnotes":""},"categories":[624],"tags":[],"class_list":{"0":"entry","1":"post","2":"publish","3":"author-omniaavvpomar","4":"post-54","6":"format-standard","7":"category-taller-gent-gran"},"_links":{"self":[{"href":"https:\/\/bloc.xarxa-omnia.org\/pomar\/wp-json\/wp\/v2\/posts\/54","targetHints":{"allow":["GET"]}}],"collection":[{"href":"https:\/\/bloc.xarxa-omnia.org\/pomar\/wp-json\/wp\/v2\/posts"}],"about":[{"href":"https:\/\/bloc.xarxa-omnia.org\/pomar\/wp-json\/wp\/v2\/types\/post"}],"author":[{"embeddable":true,"href":"https:\/\/bloc.xarxa-omnia.org\/pomar\/wp-json\/wp\/v2\/users\/101"}],"replies":[{"embeddable":true,"href":"https:\/\/bloc.xarxa-omnia.org\/pomar\/wp-json\/wp\/v2\/comments?post=54"}],"version-history":[{"count":4,"href":"https:\/\/bloc.xarxa-omnia.org\/pomar\/wp-json\/wp\/v2\/posts\/54\/revisions"}],"predecessor-version":[{"id":159,"href":"https:\/\/bloc.xarxa-omnia.org\/pomar\/wp-json\/wp\/v2\/posts\/54\/revisions\/159"}],"wp:attachment":[{"href":"https:\/\/bloc.xarxa-omnia.org\/pomar\/wp-json\/wp\/v2\/media?parent=54"}],"wp:term":[{"taxonomy":"category","embeddable":true,"href":"https:\/\/bloc.xarxa-omnia.org\/pomar\/wp-json\/wp\/v2\/categories?post=54"},{"taxonomy":"post_tag","embeddable":true,"href":"https:\/\/bloc.xarxa-omnia.org\/pomar\/wp-json\/wp\/v2\/tags?post=54"}],"curies":[{"name":"wp","href":"https:\/\/api.w.org\/{rel}","templated":true}]}}