{"id":955,"date":"2012-05-18T12:11:31","date_gmt":"2012-05-18T10:11:31","guid":{"rendered":"http:\/\/xarxaomnia.gencat.cat\/blocs\/omniaavvpomar\/?p=955"},"modified":"2012-05-18T12:31:59","modified_gmt":"2012-05-18T10:31:59","slug":"a-badalona-vam-celebrar-la-festa-de-sant-anastasi","status":"publish","type":"post","link":"https:\/\/bloc.xarxa-omnia.org\/pomar\/2012\/05\/18\/a-badalona-vam-celebrar-la-festa-de-sant-anastasi\/","title":{"rendered":"A Badalona celebrem la festa de Sant Anastasi"},"content":{"rendered":"<p>Els nens i nenes del grup d&#8217;inform\u00e0tica van crear hist\u00f2ries sobre el dimoni de Badalona. Aquest dimoni es crema cada any. Aqui teniu els seus relats:<\/p>\n<p><strong>El dimoni endimoniat <\/strong><br \/>\nEs va fer per cremar les coses dolentes de tot el any aquest any s\u00b4han  inspirat en els boscos que san  cremat aquest any. Es cremar\u00e0 el dia 10 de mar\u00e7 el dijous. Es una tradici\u00f3 t\u00edpiques de Catalunya els correfocs, el vall de l\u2019\u00e0guila &#8230;<br \/>\nEl dimoni aquest any  te banyes de llumins  i un llum\u00ed com un trident.<br \/>\n<strong>Andreu<\/strong><\/p>\n<p><a href=\"http:\/\/xarxaomnia.gencat.cat\/blocs\/omniaavvpomar\/files\/2012\/05\/clip_image002.jpg\"><img loading=\"lazy\" decoding=\"async\" src=\"http:\/\/xarxaomnia.gencat.cat\/blocs\/omniaavvpomar\/files\/2012\/05\/clip_image002-154x300.jpg\" alt=\"\" title=\"clip_image002\" width=\"154\" height=\"300\" class=\"alignleft size-medium wp-image-956\" srcset=\"https:\/\/bloc.xarxa-omnia.org\/pomar\/files\/2012\/05\/clip_image002-154x300.jpg 154w, https:\/\/bloc.xarxa-omnia.org\/pomar\/files\/2012\/05\/clip_image002.jpg 219w\" sizes=\"auto, (max-width: 154px) 100vw, 154px\" \/><\/a><\/p>\n<p><strong>Per qu\u00e8 cremem el dimoni?<\/strong><\/p>\n<p>El fet de cremar el dimoni \u00e9s perqu\u00e8 representa el mal . Tot va comen\u00e7ar un 10 de mar\u00e7 de 1890 . Era una nit molt avorrida on hi havia una colla de nens , nenes , joves , grans&#8230;<br \/>\nNo sabien que fer . Un dels adults , va dir que aix\u00f2 no podia ser aix\u00ed que tots tindrien que fer una proposta per passar la nit al menys , fins l\u2019 hora de dormir . Van comen\u00e7ar a pensar , a pensar i a pensar per\u00f2 no se li acudia res a ning\u00fa fins que per fi alg\u00fa va aconseguir fer una proposta :<br \/>\n-Escolteu , que us sembla si fem un personatge el qual faci tanta por, que no pogu\u00e9ssim  dormir ?<br \/>\nA tots els va semblar una idea estupenda i dit i fet , es van posar a treballar.<br \/>\nAl cap d\u2019 uns quants minuts , van fer la gran exposici\u00f3 . No feia por a ning\u00fa,  al contrari, m\u00e9s b\u00e9 els hi feien riure . Fins que un nen va ensenyar un dimoni . La reacci\u00f3 de por dels dem\u00e9s va ser inexplicable . Van arribar a posar-li el mot del \u201cel rei del mal\u201d. Llavors van agafar un tipus de forca la qual feia foc i el van cremar . I aix\u00ed va n\u00e9ixer la tradici\u00f3 de cremar el dimoni o com ells deien \u201cel rei del mal\u201d.<br \/>\n<strong>Jairo<\/strong><\/p>\n<p><strong>El dimoni <\/strong><\/p>\n<p>Era ser una vegada una tempesta gegant que va fer una obertura a la platja i de la obertura van sortir molts dimonis i els humans van descobrir despr\u00e8s de molts  intents que nomes es podien destruir amb foc, llavors li van prendre foc i tots els dimonis es van cremar. Per tradici\u00f3 cada any venia un dimoni i el cremaven.<br \/>\n<strong>Jordi<\/strong><\/p>\n<p><a href=\"http:\/\/xarxaomnia.gencat.cat\/blocs\/omniaavvpomar\/files\/2012\/05\/clip_image003.jpg\"><img loading=\"lazy\" decoding=\"async\" src=\"http:\/\/xarxaomnia.gencat.cat\/blocs\/omniaavvpomar\/files\/2012\/05\/clip_image003.jpg\" alt=\"\" title=\"clip_image003\" width=\"190\" height=\"265\" class=\"alignleft size-full wp-image-959\" \/><\/a><\/p>\n<p><strong>El dimoni<\/strong><\/p>\n<p>Un dia un dimoni va venir a Barcelona i se va emportar totes les coses dolentes de totes les persones. El van cremar junt a les coses dolentes i les persones es van quedar b\u00e9.<br \/>\n<strong>Xavi<\/strong><\/p>\n<p><a href=\"http:\/\/xarxaomnia.gencat.cat\/blocs\/omniaavvpomar\/files\/2012\/05\/clip_image004.jpg\"><img loading=\"lazy\" decoding=\"async\" src=\"http:\/\/xarxaomnia.gencat.cat\/blocs\/omniaavvpomar\/files\/2012\/05\/clip_image004-300x186.jpg\" alt=\"\" title=\"clip_image004\" width=\"300\" height=\"186\" class=\"alignleft size-medium wp-image-961\" srcset=\"https:\/\/bloc.xarxa-omnia.org\/pomar\/files\/2012\/05\/clip_image004-300x186.jpg 300w, https:\/\/bloc.xarxa-omnia.org\/pomar\/files\/2012\/05\/clip_image004.jpg 543w\" sizes=\"auto, (max-width: 300px) 100vw, 300px\" \/><\/a><\/p>\n<p><strong><strong>El   dimoni   perruno<\/strong><\/strong><br \/>\nSeguro   que  no  hab\u00e9is    oido hablar  de \u00e9l, tiene dos  orejas   de   color   negro y una cola muy larga.<br \/>\n<strong>Yaiza<\/strong><\/p>\n<p><a href=\"http:\/\/xarxaomnia.gencat.cat\/blocs\/omniaavvpomar\/files\/2012\/05\/clip_image005.jpg\"><img loading=\"lazy\" decoding=\"async\" src=\"http:\/\/xarxaomnia.gencat.cat\/blocs\/omniaavvpomar\/files\/2012\/05\/clip_image005.jpg\" alt=\"\" title=\"clip_image005\" width=\"131\" height=\"170\" class=\"alignleft size-full wp-image-963\" \/><\/a><\/p>\n","protected":false},"excerpt":{"rendered":"<p>Els nens i nenes del grup d&#8217;inform\u00e0tica van crear hist\u00f2ries sobre el dimoni de Badalona. Aquest dimoni es crema cada any. Aqui teniu els seus relats: El dimoni endimoniat Es va fer per cremar les coses dolentes de tot el any aquest any s\u00b4han inspirat en els boscos que san cremat aquest any. Es cremar\u00e0 &#8230; <span class=\"more\"><a class=\"more-link\" href=\"https:\/\/bloc.xarxa-omnia.org\/pomar\/2012\/05\/18\/a-badalona-vam-celebrar-la-festa-de-sant-anastasi\/\">[Read more&#8230;]<\/a><\/span><\/p>\n","protected":false},"author":101,"featured_media":0,"comment_status":"open","ping_status":"open","sticky":false,"template":"","format":"standard","meta":{"footnotes":""},"categories":[1],"tags":[],"class_list":{"0":"entry","1":"post","2":"publish","3":"author-omniaavvpomar","4":"post-955","6":"format-standard","7":"category-mnia"},"_links":{"self":[{"href":"https:\/\/bloc.xarxa-omnia.org\/pomar\/wp-json\/wp\/v2\/posts\/955","targetHints":{"allow":["GET"]}}],"collection":[{"href":"https:\/\/bloc.xarxa-omnia.org\/pomar\/wp-json\/wp\/v2\/posts"}],"about":[{"href":"https:\/\/bloc.xarxa-omnia.org\/pomar\/wp-json\/wp\/v2\/types\/post"}],"author":[{"embeddable":true,"href":"https:\/\/bloc.xarxa-omnia.org\/pomar\/wp-json\/wp\/v2\/users\/101"}],"replies":[{"embeddable":true,"href":"https:\/\/bloc.xarxa-omnia.org\/pomar\/wp-json\/wp\/v2\/comments?post=955"}],"version-history":[{"count":5,"href":"https:\/\/bloc.xarxa-omnia.org\/pomar\/wp-json\/wp\/v2\/posts\/955\/revisions"}],"predecessor-version":[{"id":964,"href":"https:\/\/bloc.xarxa-omnia.org\/pomar\/wp-json\/wp\/v2\/posts\/955\/revisions\/964"}],"wp:attachment":[{"href":"https:\/\/bloc.xarxa-omnia.org\/pomar\/wp-json\/wp\/v2\/media?parent=955"}],"wp:term":[{"taxonomy":"category","embeddable":true,"href":"https:\/\/bloc.xarxa-omnia.org\/pomar\/wp-json\/wp\/v2\/categories?post=955"},{"taxonomy":"post_tag","embeddable":true,"href":"https:\/\/bloc.xarxa-omnia.org\/pomar\/wp-json\/wp\/v2\/tags?post=955"}],"curies":[{"name":"wp","href":"https:\/\/api.w.org\/{rel}","templated":true}]}}