{"id":998,"date":"2012-10-01T14:30:00","date_gmt":"2012-10-01T12:30:00","guid":{"rendered":"http:\/\/xarxaomnia.gencat.cat\/blocs\/omniaavvpomar\/?p=998"},"modified":"2012-10-01T14:32:26","modified_gmt":"2012-10-01T12:32:26","slug":"sobre-inmigracion-y-convivencia","status":"publish","type":"post","link":"https:\/\/bloc.xarxa-omnia.org\/pomar\/2012\/10\/01\/sobre-inmigracion-y-convivencia\/","title":{"rendered":"Sobre inmigraci\u00f3n y convivencia"},"content":{"rendered":"<p>La prestigiosa escritora espa\u00f1ola public\u00f3 en su columna una an\u00e9cdota refrescante y conmovedora sobre la convivencia entre extranjeros y los nacionales de un pa\u00eds. Son l\u00edneas conmovedoras sobre la inmigraci\u00f3n, uno de los temas m\u00e1s delicados y que mayor preocupaci\u00f3n genera entre los ciudadanos europeos. La an\u00e9cdota que cuenta Rosa Montero es uno de los temas m\u00e1s comentados en redes sociales y considerada por el escritor brasilero Paulo Coelho como lectura obligada. Este es el mensaje:<\/p>\n<p><strong>\u2018El negro\u2019  ( Rosa Montero, Escritora Espa\u00f1ola )<\/strong><\/p>\n<p>Estamos en el comedor estudiantil de una universidad alemana. Una alumna rubia e inequ\u00edvocamente germana adquiere su bandeja con el men\u00fa en el mostrador del autoservicio y luego se sienta en una mesa. Entonces advierte que ha olvidado los cubiertos y vuelve a levantarse para cogerlos. Al regresar, descubre con estupor que un chico negro, probablemente subsahariano por su aspecto, se ha sentado en su lugar y est\u00e1 comiendo de su bandeja. <\/p>\n<p>De entrada, la muchacha se siente desconcertada y agredida; pero enseguida corrige su pensamiento y supone que el africano no est\u00e1 acostumbrado al sentido de la propiedad privada y de la intimidad del europeo, o incluso que quiz\u00e1 no disponga de dinero suficiente para pagarse la comida, aun siendo \u00e9sta barata para el elevado est\u00e1ndar de vida de nuestros ricos pa\u00edses. De modo que la chica decide sentarse frente al tipo y sonre\u00edrle amistosamente. A lo cual el africano contesta con otra blanca sonrisa. A continuaci\u00f3n, la alemana comienza a comer de la bandeja intentando aparentar la mayor normalidad y comparti\u00e9ndola con exquisita generosidad y cortes\u00eda con el chico negro. Y as\u00ed, \u00e9l se toma la ensalada, ella apura la sopa, ambos pinchan paritariamente del mismo plato de estofado hasta acabarlo y uno da cuenta del yogur y la otra de la pieza de fruta. <\/p>\n<p>Todo ello trufado de m\u00faltiples sonrisas educadas, t\u00edmidas por parte del muchacho, suavemente alentadoras y comprensivas por parte de ella. Acabado el almuerzo, la alemana se levanta en busca de un caf\u00e9. Y entonces descubre, en la mesa vecina detr\u00e1s de ella, su propio abrigo colocado sobre el respaldo de una silla y una bandeja de comida intacta.<\/p>\n<p>Dedico esta historia deliciosa, que adem\u00e1s es aut\u00e9ntica, a todos aquellos espa\u00f1oles que, en el fondo, recelan de los inmigrantes y les consideran individuos inferiores. A todas esas personas que, aun bienintencionadas, les observan con condescendencia y paternalismo. Ser\u00e1 mejor que nos libremos de los prejuicios o corremos el riesgo de hacer el mismo rid\u00edculo que la pobre alemana, que cre\u00eda ser el colmo de la civilizaci\u00f3n mientras el africano, \u00e9l s\u00ed inmensamente educado, la dejaba comer de su bandeja y tal vez pensaba: &#8220;Pero qu\u00e9 chiflados est\u00e1n los europeos&#8221;.<br \/>\n&#8221; Hay algunos Tontos que todav\u00eda creen que los ind\u00edgenas son de otro pa\u00eds&#8230;<br \/>\nY recordemos que la gallard\u00eda no est\u00e1 en el color de la piel&#8230;<\/p>\n","protected":false},"excerpt":{"rendered":"<p>La prestigiosa escritora espa\u00f1ola public\u00f3 en su columna una an\u00e9cdota refrescante y conmovedora sobre la convivencia entre extranjeros y los nacionales de un pa\u00eds. Son l\u00edneas conmovedoras sobre la inmigraci\u00f3n, uno de los temas m\u00e1s delicados y que mayor preocupaci\u00f3n genera entre los ciudadanos europeos. La an\u00e9cdota que cuenta Rosa Montero es uno de los &#8230; <span class=\"more\"><a class=\"more-link\" href=\"https:\/\/bloc.xarxa-omnia.org\/pomar\/2012\/10\/01\/sobre-inmigracion-y-convivencia\/\">[Read more&#8230;]<\/a><\/span><\/p>\n","protected":false},"author":101,"featured_media":0,"comment_status":"open","ping_status":"open","sticky":false,"template":"","format":"standard","meta":{"footnotes":""},"categories":[1233,1,917],"tags":[],"class_list":{"0":"entry","1":"post","2":"publish","3":"author-omniaavvpomar","4":"post-998","6":"format-standard","7":"category-convivencia","8":"category-mnia","9":"category-voluntariat"},"_links":{"self":[{"href":"https:\/\/bloc.xarxa-omnia.org\/pomar\/wp-json\/wp\/v2\/posts\/998","targetHints":{"allow":["GET"]}}],"collection":[{"href":"https:\/\/bloc.xarxa-omnia.org\/pomar\/wp-json\/wp\/v2\/posts"}],"about":[{"href":"https:\/\/bloc.xarxa-omnia.org\/pomar\/wp-json\/wp\/v2\/types\/post"}],"author":[{"embeddable":true,"href":"https:\/\/bloc.xarxa-omnia.org\/pomar\/wp-json\/wp\/v2\/users\/101"}],"replies":[{"embeddable":true,"href":"https:\/\/bloc.xarxa-omnia.org\/pomar\/wp-json\/wp\/v2\/comments?post=998"}],"version-history":[{"count":3,"href":"https:\/\/bloc.xarxa-omnia.org\/pomar\/wp-json\/wp\/v2\/posts\/998\/revisions"}],"predecessor-version":[{"id":1001,"href":"https:\/\/bloc.xarxa-omnia.org\/pomar\/wp-json\/wp\/v2\/posts\/998\/revisions\/1001"}],"wp:attachment":[{"href":"https:\/\/bloc.xarxa-omnia.org\/pomar\/wp-json\/wp\/v2\/media?parent=998"}],"wp:term":[{"taxonomy":"category","embeddable":true,"href":"https:\/\/bloc.xarxa-omnia.org\/pomar\/wp-json\/wp\/v2\/categories?post=998"},{"taxonomy":"post_tag","embeddable":true,"href":"https:\/\/bloc.xarxa-omnia.org\/pomar\/wp-json\/wp\/v2\/tags?post=998"}],"curies":[{"name":"wp","href":"https:\/\/api.w.org\/{rel}","templated":true}]}}