{"id":327,"date":"2026-04-23T12:03:19","date_gmt":"2026-04-23T10:03:19","guid":{"rendered":"https:\/\/bloc.xarxa-omnia.org\/puntcebellvitge\/?p=327"},"modified":"2026-04-23T12:03:19","modified_gmt":"2026-04-23T10:03:19","slug":"punts-que-inclouen","status":"publish","type":"post","link":"https:\/\/bloc.xarxa-omnia.org\/puntcebellvitge\/2026\/04\/23\/punts-que-inclouen\/","title":{"rendered":"Punts que inclouen"},"content":{"rendered":"\n<p>Aquesta diada de Sant Jordi la celebrem amb el grup de persones amb diversitat funcional, del TEB Tallers Bellvitge.<\/p>\n\n\n\n<p>Mitjan\u00e7ant l\u2019\u00fas de la intel\u00b7lig\u00e8ncia artificial, es proposa a les persones participants la generaci\u00f3 de diversos esl\u00f2gans d\u2019exemple relacionats amb la inclusi\u00f3 i Sant Jordi. <\/p>\n\n\n\n<p>A partir d\u2019aquestes propostes, cada persona a  seleccionat, adaptat o reformulat els missatges segons el seu criteri i sensibilitat. <\/p>\n\n\n\n<p>Posteriorment, els participants plasmaran el seu esl\u00f2gan en un punt de llibre reivindicatiu, mitjan\u00e7ant la p\u00e0gina de Canva, per a una diada inclusiva. <\/p>\n\n\n\n<p>Es fomentar\u00e0 l\u2019\u00fas d\u2019un llenguatge breu, clar i entenedor, aix\u00ed com la incorporaci\u00f3 de pictogrames, mitjan\u00e7ant la p\u00e0gina de pictotraductor i ARASAAC, per facilitar la comprensi\u00f3 universal del missatge.<\/p>\n\n\n\n<p class=\"has-text-align-left\">Aqu\u00ed podeu consultar el resultat.<\/p>\n\n\n\n<p class=\"has-text-align-center\"><a href=\"https:\/\/photos.app.goo.gl\/kZK8XoR1266wzu8J8\" data-type=\"link\" data-id=\"https:\/\/photos.app.goo.gl\/kZK8XoR1266wzu8J8\">Clic per a veure els punts inclusius<\/a><\/p>\n\n\n\n<p><\/p>\n","protected":false},"excerpt":{"rendered":"<p>Aquesta diada de Sant Jordi la celebrem amb el grup de persones amb diversitat funcional, del TEB Tallers Bellvitge. Mitjan\u00e7ant l\u2019\u00fas de la intel\u00b7lig\u00e8ncia artificial, es proposa a les persones participants la generaci\u00f3 de diversos esl\u00f2gans d\u2019exemple relacionats amb la inclusi\u00f3 i Sant Jordi. A partir d\u2019aquestes propostes, cada persona a seleccionat, adaptat o reformulat [&hellip;]<\/p>\n","protected":false},"author":213,"featured_media":0,"comment_status":"closed","ping_status":"closed","sticky":false,"template":"","format":"standard","meta":{"footnotes":""},"categories":[1],"tags":[],"class_list":["post-327","post","type-post","status-publish","format-standard","hentry","category-general"],"_links":{"self":[{"href":"https:\/\/bloc.xarxa-omnia.org\/puntcebellvitge\/wp-json\/wp\/v2\/posts\/327","targetHints":{"allow":["GET"]}}],"collection":[{"href":"https:\/\/bloc.xarxa-omnia.org\/puntcebellvitge\/wp-json\/wp\/v2\/posts"}],"about":[{"href":"https:\/\/bloc.xarxa-omnia.org\/puntcebellvitge\/wp-json\/wp\/v2\/types\/post"}],"author":[{"embeddable":true,"href":"https:\/\/bloc.xarxa-omnia.org\/puntcebellvitge\/wp-json\/wp\/v2\/users\/213"}],"replies":[{"embeddable":true,"href":"https:\/\/bloc.xarxa-omnia.org\/puntcebellvitge\/wp-json\/wp\/v2\/comments?post=327"}],"version-history":[{"count":1,"href":"https:\/\/bloc.xarxa-omnia.org\/puntcebellvitge\/wp-json\/wp\/v2\/posts\/327\/revisions"}],"predecessor-version":[{"id":328,"href":"https:\/\/bloc.xarxa-omnia.org\/puntcebellvitge\/wp-json\/wp\/v2\/posts\/327\/revisions\/328"}],"wp:attachment":[{"href":"https:\/\/bloc.xarxa-omnia.org\/puntcebellvitge\/wp-json\/wp\/v2\/media?parent=327"}],"wp:term":[{"taxonomy":"category","embeddable":true,"href":"https:\/\/bloc.xarxa-omnia.org\/puntcebellvitge\/wp-json\/wp\/v2\/categories?post=327"},{"taxonomy":"post_tag","embeddable":true,"href":"https:\/\/bloc.xarxa-omnia.org\/puntcebellvitge\/wp-json\/wp\/v2\/tags?post=327"}],"curies":[{"name":"wp","href":"https:\/\/api.w.org\/{rel}","templated":true}]}}