{"id":1106,"date":"2015-12-21T16:40:05","date_gmt":"2015-12-21T14:40:05","guid":{"rendered":"http:\/\/xarxaomnia.gencat.cat\/blocs\/rierabonet\/?p=1106"},"modified":"2015-12-21T16:59:49","modified_gmt":"2015-12-21T14:59:49","slug":"cloenda-del-segon-taller-diniciacio-per-als-treballadors-de-solidanca","status":"publish","type":"post","link":"https:\/\/bloc.xarxa-omnia.org\/rierabonet\/2015\/12\/21\/cloenda-del-segon-taller-diniciacio-per-als-treballadors-de-solidanca\/","title":{"rendered":"Cloenda del segon taller d&#8217;iniciaci\u00f3 per als treballadors de Solidan\u00e7a"},"content":{"rendered":"<p>Aquest trimestre hem realitzat el segon taller d&#8217;iniciaci\u00f3 a la inform\u00e0tica per a treballadors de l&#8217;associaci\u00f3 Solidan\u00e7a, i que ara ha arribat a la seva fi. Compartim amb vosaltres la fotografia de la cloenda.<\/p>\n<dl id=\"attachment_850\" class=\"wp-caption aligncenter\" style=\"width: 465px\">\n<dt class=\"wp-caption-dt\"><a href=\"http:\/\/xarxaomnia.gencat.cat\/blocs\/rierabonet\/files\/2015\/12\/Cloenda-del-taller-desembre-2015.jpg\"><img loading=\"lazy\" decoding=\"async\" class=\"aligncenter size-full wp-image-1107\" src=\"http:\/\/xarxaomnia.gencat.cat\/blocs\/rierabonet\/files\/2015\/12\/Cloenda-del-taller-desembre-2015.jpg\" alt=\"Cloenda del segon taller d'iniciaci\u00f3 per a Solidan\u00e7a\" width=\"1500\" height=\"944\" srcset=\"https:\/\/bloc.xarxa-omnia.org\/rierabonet\/files\/2015\/12\/Cloenda-del-taller-desembre-2015.jpg 1500w, https:\/\/bloc.xarxa-omnia.org\/rierabonet\/files\/2015\/12\/Cloenda-del-taller-desembre-2015-150x94.jpg 150w, https:\/\/bloc.xarxa-omnia.org\/rierabonet\/files\/2015\/12\/Cloenda-del-taller-desembre-2015-624x393.jpg 624w\" sizes=\"auto, (max-width: 1500px) 100vw, 1500px\" \/><\/a><\/dt>\n<dd class=\"wp-caption-dd\"><span style=\"color: #000000\">Cloenda del segon taller d&#8217;iniciaci\u00f3 per a treballadors de Solidan\u00e7a al Punt \u00d2mnia Riera Bonet de Molins de Rei.<\/span><\/dd>\n<\/dl>\n<p>Solidan\u00e7a \u00e9s una associaci\u00f3 sense afany de lucre, amb seu a Sant Joan Desp\u00ed, i dedicada a la inserci\u00f3 sociolaboral i la formaci\u00f3 professionalitzadora de persones en situaci\u00f3 de vulnerabilitat social. Una de les tasques que fan \u00e9s la del triatge i venda de la roba recollida a trav\u00e9s dels contenidors de Roba Amiga.<\/p>\n<p style=\"text-align: center\"><a href=\"http:\/\/www.solidanca.cat\/\"><img loading=\"lazy\" decoding=\"async\" src=\"http:\/\/www.solidanca.cat\/signatures\/LogoSolidan%C3%A7aSocialBaixa.jpg\" alt=\"Solidanca\" width=\"176\" height=\"98\" border=\"0\" \/><\/a><a href=\"http:\/\/ca.robaamiga.cat\/\"><img loading=\"lazy\" decoding=\"async\" src=\"http:\/\/www.solidanca.cat\/signatures\/RobaAmigaLogo.jpg\" alt=\"ROBA&lt;br \/&gt;&lt;br \/&gt;&lt;br \/&gt;&lt;br \/&gt;                                                           AMIGA\" width=\"69\" height=\"99\" border=\"0\" hspace=\"20\" \/><\/a><a href=\"http:\/\/www.reutilizayevitaco2.aeress.org\/\"><img loading=\"lazy\" decoding=\"async\" src=\"http:\/\/www.solidanca.cat\/signatures\/LogoJoreutilitzoCAT.jpg\" alt=\"Jo&lt;br \/&gt;&lt;br \/&gt;&lt;br \/&gt;&lt;br \/&gt;                                                           Reutilitzo\" width=\"80\" height=\"80\" border=\"0\" \/><\/a><\/p>\n","protected":false},"excerpt":{"rendered":"<p>Aquest trimestre hem realitzat el segon taller d&#8217;iniciaci\u00f3 a la inform\u00e0tica per a treballadors de l&#8217;associaci\u00f3 Solidan\u00e7a, i que ara ha arribat a la seva fi. Compartim amb vosaltres la fotografia de la cloenda. Cloenda del segon taller d&#8217;iniciaci\u00f3 per a treballadors de Solidan\u00e7a al Punt \u00d2mnia Riera Bonet de &#8230;<\/p>\n","protected":false},"author":157,"featured_media":0,"comment_status":"closed","ping_status":"closed","sticky":false,"template":"","format":"standard","meta":{"_s2mail":"","footnotes":""},"categories":[41],"tags":[],"class_list":["post-1106","post","type-post","status-publish","format-standard","hentry","category-mnia","column","twocol"],"_links":{"self":[{"href":"https:\/\/bloc.xarxa-omnia.org\/rierabonet\/wp-json\/wp\/v2\/posts\/1106","targetHints":{"allow":["GET"]}}],"collection":[{"href":"https:\/\/bloc.xarxa-omnia.org\/rierabonet\/wp-json\/wp\/v2\/posts"}],"about":[{"href":"https:\/\/bloc.xarxa-omnia.org\/rierabonet\/wp-json\/wp\/v2\/types\/post"}],"author":[{"embeddable":true,"href":"https:\/\/bloc.xarxa-omnia.org\/rierabonet\/wp-json\/wp\/v2\/users\/157"}],"replies":[{"embeddable":true,"href":"https:\/\/bloc.xarxa-omnia.org\/rierabonet\/wp-json\/wp\/v2\/comments?post=1106"}],"version-history":[{"count":3,"href":"https:\/\/bloc.xarxa-omnia.org\/rierabonet\/wp-json\/wp\/v2\/posts\/1106\/revisions"}],"predecessor-version":[{"id":1110,"href":"https:\/\/bloc.xarxa-omnia.org\/rierabonet\/wp-json\/wp\/v2\/posts\/1106\/revisions\/1110"}],"wp:attachment":[{"href":"https:\/\/bloc.xarxa-omnia.org\/rierabonet\/wp-json\/wp\/v2\/media?parent=1106"}],"wp:term":[{"taxonomy":"category","embeddable":true,"href":"https:\/\/bloc.xarxa-omnia.org\/rierabonet\/wp-json\/wp\/v2\/categories?post=1106"},{"taxonomy":"post_tag","embeddable":true,"href":"https:\/\/bloc.xarxa-omnia.org\/rierabonet\/wp-json\/wp\/v2\/tags?post=1106"}],"curies":[{"name":"wp","href":"https:\/\/api.w.org\/{rel}","templated":true}]}}