{"id":1180,"date":"2016-03-22T10:22:26","date_gmt":"2016-03-22T08:22:26","guid":{"rendered":"http:\/\/xarxaomnia.gencat.cat\/blocs\/rierabonet\/?p=1180"},"modified":"2016-03-22T10:24:51","modified_gmt":"2016-03-22T08:24:51","slug":"sortida-a-sant-pere-del-romani-i-castellciuro","status":"publish","type":"post","link":"https:\/\/bloc.xarxa-omnia.org\/rierabonet\/2016\/03\/22\/sortida-a-sant-pere-del-romani-i-castellciuro\/","title":{"rendered":"Sortida a Sant Pere del Roman\u00ed i Castellciur\u00f3"},"content":{"rendered":"<p>Al Punt \u00d2mnia continuem les sortides trimestrals per con\u00e8ixer millor Molins de Rei. Si la passada sortida va ser als aiguamolls de Molins, en aquesta ocasi\u00f3 vam aventurar-nos a visitar Sant Pere del Roman\u00ed i Castellciur\u00f3, sortint des del mateix casal.<\/p>\n<p>Sant Pere del Roman\u00ed \u00e9s una ermita rom\u00e0nica que data del S. XI i Castellciur\u00f3 s\u00f3n unes runes d&#8217;un antic castell. Ambdues construccions estan situades a la vessant oest de la serra de Collserola.<\/p>\n<p>El temps ens va acompanyar, vam trobar esp\u00e0rrecs i fonoll i en 2 hores i mitja ja torn\u00e0vem a ser davant del casal. Va ser una bona jornada per con\u00e8ixer-nos millor i con\u00e8ixer el nostre entorn m\u00e9s proper. Tamb\u00e9 vam constatar que podria millorar la senyalitzaci\u00f3 dels camins d&#8217;acc\u00e9s a aquests dos indrets. Una bona manera de fer-ho arribar a l&#8217;ajuntament \u00e9s a trav\u00e9s de l&#8217;aplicaci\u00f3 de m\u00f2bil <strong>Cuidem Molins<\/strong>.<\/p>\n<figure id=\"attachment_1182\" aria-describedby=\"caption-attachment-1182\" style=\"width: 1315px\" class=\"wp-caption aligncenter\"><a href=\"http:\/\/xarxaomnia.gencat.cat\/blocs\/rierabonet\/2016\/03\/22\/sortida-a-sant-pere-del-romani-i-castellciuro\/sant_pere_del_romani\/\" rel=\"attachment wp-att-1182\"><img loading=\"lazy\" decoding=\"async\" class=\"aligncenter size-full wp-image-1183\" src=\"http:\/\/xarxaomnia.gencat.cat\/blocs\/rierabonet\/files\/2016\/03\/Sortida-Sant-Pere-de-Roman\u00ed.jpg\" alt=\"Sortida Sant Pere del Roman\u00ed i Castellciur\u00f3\" width=\"1315\" height=\"1117\" srcset=\"https:\/\/bloc.xarxa-omnia.org\/rierabonet\/files\/2016\/03\/Sortida-Sant-Pere-de-Roman\u00ed.jpg 1315w, https:\/\/bloc.xarxa-omnia.org\/rierabonet\/files\/2016\/03\/Sortida-Sant-Pere-de-Roman\u00ed-150x127.jpg 150w, https:\/\/bloc.xarxa-omnia.org\/rierabonet\/files\/2016\/03\/Sortida-Sant-Pere-de-Roman\u00ed-768x652.jpg 768w, https:\/\/bloc.xarxa-omnia.org\/rierabonet\/files\/2016\/03\/Sortida-Sant-Pere-de-Roman\u00ed-624x530.jpg 624w\" sizes=\"auto, (max-width: 1315px) 100vw, 1315px\" \/><\/a><figcaption id=\"caption-attachment-1182\" class=\"wp-caption-text\"><img loading=\"lazy\" decoding=\"async\" class=\"wp-image-1182 size-full\" src=\"http:\/\/xarxaomnia.gencat.cat\/blocs\/rierabonet\/files\/2016\/03\/Sant_Pere_del_Roman\u00ed.jpg\" alt=\"Sant Pere del Roman\u00ed\" width=\"814\" height=\"493\" srcset=\"https:\/\/bloc.xarxa-omnia.org\/rierabonet\/files\/2016\/03\/Sant_Pere_del_Roman\u00ed.jpg 814w, https:\/\/bloc.xarxa-omnia.org\/rierabonet\/files\/2016\/03\/Sant_Pere_del_Roman\u00ed-150x91.jpg 150w, https:\/\/bloc.xarxa-omnia.org\/rierabonet\/files\/2016\/03\/Sant_Pere_del_Roman\u00ed-768x465.jpg 768w, https:\/\/bloc.xarxa-omnia.org\/rierabonet\/files\/2016\/03\/Sant_Pere_del_Roman\u00ed-624x378.jpg 624w\" sizes=\"auto, (max-width: 814px) 100vw, 814px\" \/> Sant Pere del Roman\u00ed<\/figcaption><\/figure>\n<figure id=\"attachment_1181\" aria-describedby=\"caption-attachment-1181\" style=\"width: 640px\" class=\"wp-caption aligncenter\"><a href=\"http:\/\/xarxaomnia.gencat.cat\/blocs\/rierabonet\/2016\/03\/22\/sortida-a-sant-pere-del-romani-i-castellciuro\/castell-ciuro\/\" rel=\"attachment wp-att-1181\"><img loading=\"lazy\" decoding=\"async\" class=\"wp-image-1181 size-full\" src=\"http:\/\/xarxaomnia.gencat.cat\/blocs\/rierabonet\/files\/2016\/03\/Castell-ciuro.jpg\" alt=\"Castellciur\u00f3\" width=\"640\" height=\"480\" srcset=\"https:\/\/bloc.xarxa-omnia.org\/rierabonet\/files\/2016\/03\/Castell-ciuro.jpg 640w, https:\/\/bloc.xarxa-omnia.org\/rierabonet\/files\/2016\/03\/Castell-ciuro-150x113.jpg 150w, https:\/\/bloc.xarxa-omnia.org\/rierabonet\/files\/2016\/03\/Castell-ciuro-624x468.jpg 624w\" sizes=\"auto, (max-width: 640px) 100vw, 640px\" \/><\/a><figcaption id=\"caption-attachment-1181\" class=\"wp-caption-text\">Castellciur\u00f3<\/figcaption><\/figure>\n<p>&nbsp;<\/p>\n","protected":false},"excerpt":{"rendered":"<p>Al Punt \u00d2mnia continuem les sortides trimestrals per con\u00e8ixer millor Molins de Rei. Si la passada sortida va ser als aiguamolls de Molins, en aquesta ocasi\u00f3 vam aventurar-nos a visitar Sant Pere del Roman\u00ed i Castellciur\u00f3, sortint des del mateix casal. Sant Pere del Roman\u00ed \u00e9s una ermita rom\u00e0nica que &#8230;<\/p>\n","protected":false},"author":157,"featured_media":0,"comment_status":"closed","ping_status":"closed","sticky":false,"template":"","format":"standard","meta":{"_s2mail":"","footnotes":""},"categories":[41],"tags":[],"class_list":["post-1180","post","type-post","status-publish","format-standard","hentry","category-mnia","column","twocol"],"_links":{"self":[{"href":"https:\/\/bloc.xarxa-omnia.org\/rierabonet\/wp-json\/wp\/v2\/posts\/1180","targetHints":{"allow":["GET"]}}],"collection":[{"href":"https:\/\/bloc.xarxa-omnia.org\/rierabonet\/wp-json\/wp\/v2\/posts"}],"about":[{"href":"https:\/\/bloc.xarxa-omnia.org\/rierabonet\/wp-json\/wp\/v2\/types\/post"}],"author":[{"embeddable":true,"href":"https:\/\/bloc.xarxa-omnia.org\/rierabonet\/wp-json\/wp\/v2\/users\/157"}],"replies":[{"embeddable":true,"href":"https:\/\/bloc.xarxa-omnia.org\/rierabonet\/wp-json\/wp\/v2\/comments?post=1180"}],"version-history":[{"count":5,"href":"https:\/\/bloc.xarxa-omnia.org\/rierabonet\/wp-json\/wp\/v2\/posts\/1180\/revisions"}],"predecessor-version":[{"id":1188,"href":"https:\/\/bloc.xarxa-omnia.org\/rierabonet\/wp-json\/wp\/v2\/posts\/1180\/revisions\/1188"}],"wp:attachment":[{"href":"https:\/\/bloc.xarxa-omnia.org\/rierabonet\/wp-json\/wp\/v2\/media?parent=1180"}],"wp:term":[{"taxonomy":"category","embeddable":true,"href":"https:\/\/bloc.xarxa-omnia.org\/rierabonet\/wp-json\/wp\/v2\/categories?post=1180"},{"taxonomy":"post_tag","embeddable":true,"href":"https:\/\/bloc.xarxa-omnia.org\/rierabonet\/wp-json\/wp\/v2\/tags?post=1180"}],"curies":[{"name":"wp","href":"https:\/\/api.w.org\/{rel}","templated":true}]}}