{"id":1269,"date":"2016-12-19T15:11:37","date_gmt":"2016-12-19T13:11:37","guid":{"rendered":"http:\/\/xarxaomnia.gencat.cat\/blocs\/rierabonet\/?p=1269"},"modified":"2016-12-20T13:57:23","modified_gmt":"2016-12-20T11:57:23","slug":"nous-tallers-durant-el-mes-de-gener-i-abril-2017-inscripcions-a-recepcio-al-mes-de-gener-2017","status":"publish","type":"post","link":"https:\/\/bloc.xarxa-omnia.org\/rierabonet\/2016\/12\/19\/nous-tallers-durant-el-mes-de-gener-i-abril-2017-inscripcions-a-recepcio-al-mes-de-gener-2017\/","title":{"rendered":"Nous tallers durant el mes de Gener i Abril 2017 \u2013 Inscripcions a recepci\u00f3 al mes de Gener 2017"},"content":{"rendered":"<p><a href=\"http:\/\/xarxaomnia.gencat.cat\/blocs\/rierabonet\/2016\/12\/19\/nous-tallers-durant-el-mes-de-gener-i-abril-2017-inscripcions-a-recepcio-al-mes-de-gener-2017\/horari-tallers-2017\/\" rel=\"attachment wp-att-1270\"><img loading=\"lazy\" decoding=\"async\" class=\"aligncenter size-full wp-image-1270\" src=\"http:\/\/xarxaomnia.gencat.cat\/blocs\/rierabonet\/files\/2016\/12\/horari-tallers-2017.jpg\" alt=\"horari tallers 2017\" width=\"1278\" height=\"786\" srcset=\"https:\/\/bloc.xarxa-omnia.org\/rierabonet\/files\/2016\/12\/horari-tallers-2017.jpg 1278w, https:\/\/bloc.xarxa-omnia.org\/rierabonet\/files\/2016\/12\/horari-tallers-2017-150x92.jpg 150w, https:\/\/bloc.xarxa-omnia.org\/rierabonet\/files\/2016\/12\/horari-tallers-2017-768x472.jpg 768w, https:\/\/bloc.xarxa-omnia.org\/rierabonet\/files\/2016\/12\/horari-tallers-2017-624x384.jpg 624w\" sizes=\"auto, (max-width: 1278px) 100vw, 1278px\" \/><\/a>B\u00e9, ja tenim llest el nou horari com tamb\u00e9 els nous tallers per el primer trimestre de l&#8217;any 2017.<\/p>\n<p>Us recordem tamb\u00e9 que, a partir del dia<span style=\"color: #993366\"> <strong>15 de Desembre del 2016 fins el dia 9 de Gener de l&#8217;any 2017<\/strong><\/span>, podeu recollir el n\u00famero del <span style=\"color: #ff0000\"><strong>sorteig que es celebra el dia 10 de Gener a les 12:00h del 2107<\/strong> <\/span>al Centre C\u00edvic Riera Bonet, per tal de, poder inscriure&#8217;s al tallers que realitzarem.<\/p>\n<p>Les<span style=\"color: #3366ff\"><strong> inscripcions al tallers es realitzaran el dia 11 de Gener del 2017 a les 16:00h<\/strong><\/span>.<\/p>\n<p>L&#8217;inici de les activitats comen\u00e7aran el dia <span style=\"color: #99cc00\"><strong>16 de Gener de l&#8217;any 2017, i finalitzaran el dia 7 d&#8217;Abril<\/strong> <\/span>del mateix any.<\/p>\n<p>Us desitgem molta sort i recordeu per a qualsevol aclariment i orientaci\u00f3 per saber quin es el tallers que us agradaria fer per\u00f2 no ho teniu clar, podeu demanar-nos informaci\u00f3 al taulell principal del Centre C\u00edvic o preguntant per el dinamitzador del Punt \u00d2mnia. Disposeu de tr\u00edptics amb els tallers i els horaris en quals els realitzarem.<\/p>\n<p>Tamb\u00e9, ens podeu enviar un e-mail a la seg\u00fcent adre\u00e7a <strong>rierabonetciberespai@gmail.com<\/strong> o trucant nos al tel\u00e8fon<strong> 93680 09 96<\/strong>. Recordeu que disposem d&#8217;aquest bloc, el qual, podeu seguir ja que,\u00a0 pengem diverses informacions com tamb\u00e9, treballs que\u00a0 realitzem en els diferents tallers que us proposem.<\/p>\n<p>Recordeu que estem ubicats al Punt \u00d2mnia del Casal C\u00edvic Riera Bonet. Ca la C\u00f2rdia, n\u00ba5 de Molins de Rei.<\/p>\n<p>Un salut i us esperem!<\/p>\n","protected":false},"excerpt":{"rendered":"<p>B\u00e9, ja tenim llest el nou horari com tamb\u00e9 els nous tallers per el primer trimestre de l&#8217;any 2017. Us recordem tamb\u00e9 que, a partir del dia 15 de Desembre del 2016 fins el dia 9 de Gener de l&#8217;any 2017, podeu recollir el n\u00famero del sorteig que es celebra &#8230;<\/p>\n","protected":false},"author":157,"featured_media":0,"comment_status":"closed","ping_status":"closed","sticky":false,"template":"","format":"standard","meta":{"_s2mail":"","footnotes":""},"categories":[41],"tags":[],"class_list":["post-1269","post","type-post","status-publish","format-standard","hentry","category-mnia","column","twocol"],"_links":{"self":[{"href":"https:\/\/bloc.xarxa-omnia.org\/rierabonet\/wp-json\/wp\/v2\/posts\/1269","targetHints":{"allow":["GET"]}}],"collection":[{"href":"https:\/\/bloc.xarxa-omnia.org\/rierabonet\/wp-json\/wp\/v2\/posts"}],"about":[{"href":"https:\/\/bloc.xarxa-omnia.org\/rierabonet\/wp-json\/wp\/v2\/types\/post"}],"author":[{"embeddable":true,"href":"https:\/\/bloc.xarxa-omnia.org\/rierabonet\/wp-json\/wp\/v2\/users\/157"}],"replies":[{"embeddable":true,"href":"https:\/\/bloc.xarxa-omnia.org\/rierabonet\/wp-json\/wp\/v2\/comments?post=1269"}],"version-history":[{"count":5,"href":"https:\/\/bloc.xarxa-omnia.org\/rierabonet\/wp-json\/wp\/v2\/posts\/1269\/revisions"}],"predecessor-version":[{"id":1275,"href":"https:\/\/bloc.xarxa-omnia.org\/rierabonet\/wp-json\/wp\/v2\/posts\/1269\/revisions\/1275"}],"wp:attachment":[{"href":"https:\/\/bloc.xarxa-omnia.org\/rierabonet\/wp-json\/wp\/v2\/media?parent=1269"}],"wp:term":[{"taxonomy":"category","embeddable":true,"href":"https:\/\/bloc.xarxa-omnia.org\/rierabonet\/wp-json\/wp\/v2\/categories?post=1269"},{"taxonomy":"post_tag","embeddable":true,"href":"https:\/\/bloc.xarxa-omnia.org\/rierabonet\/wp-json\/wp\/v2\/tags?post=1269"}],"curies":[{"name":"wp","href":"https:\/\/api.w.org\/{rel}","templated":true}]}}