{"id":1287,"date":"2017-02-10T15:13:22","date_gmt":"2017-02-10T13:13:22","guid":{"rendered":"http:\/\/xarxaomnia.gencat.cat\/blocs\/rierabonet\/?p=1287"},"modified":"2017-02-10T15:13:22","modified_gmt":"2017-02-10T13:13:22","slug":"ja-em-tornat","status":"publish","type":"post","link":"https:\/\/bloc.xarxa-omnia.org\/rierabonet\/2017\/02\/10\/ja-em-tornat\/","title":{"rendered":"Ja em tornat"},"content":{"rendered":"<p>Ja em tornat, i de nou, em comen\u00e7at un\u00a0 altre trimestre\u00a0 dinamitzant els nous tallers en el Punt \u00d2mnia Riera Bonet, tallers d&#8217;ofim\u00e0tica, tallers d&#8217;inserci\u00f3 ocupacional, tallers de m\u00f2bils i de tauletes, de catal\u00e0, de mem\u00f2ria, d&#8217;iniciaci\u00f3 a les tic, com tamb\u00e9 tallers per mantindre la mem\u00f2ria per a la gent gran, entre altres que podeu consultar, tant presencialment en el Centre C\u00edvic Riera Bonet on estem ubicats o tamb\u00e9, en el nostre bloc.<\/p>\n<p>Com a novetat, aquests nou curs trimestral, hem obert una nova edici\u00f3 de &#8220;Treballem amb el nostre port\u00e0til&#8221;, un taller orientat a totes aquelles persones que disposen d&#8217;un ordinador port\u00e0til i en volen saber utilitzar-lo millor per treure&#8217;n m\u00e9s profit.<\/p>\n<p>Un altre novetat, es el taller d&#8217;inserci\u00f3 ocupacional i recerca de feina que dinamitzem, en coordinaci\u00f3 amb, l&#8217;Ajuntament de Molins de Rei, dintre d&#8217;un programa de formaci\u00f3 anomenat FOAP, el qual, des de el Punt \u00d2mnia donen suport amb una formaci\u00f3 TIC adicional.<\/p>\n<p lang=\"ca-ES\">Aquests nou trimestre, tamb\u00e9 em optat per obrir un nou espai anomenat C\u00e0psules on hi podem trobar diferents opcions. Un taller de Gimp, un taller d&#8217;Impress vinculat a la cerca per Internet i un taller de video forum pensat per<span style=\"font-family: Arial,sans-serif\"> ser cr\u00edtics, ser m\u00e9s conscients, envers les noves tecnologies de la informaci\u00f3 i la comunicaci\u00f3 mitjan\u00e7ant el cine i els documentals que podem trobar a la xarxa com tamb\u00e9, debatre i compartir el que hem apr\u00e9s amb el grup de treball a partir dels debats que generen aquests tipus d&#8217;activitats.<br \/>\n<\/span><\/p>\n<p lang=\"ca-ES\">I per \u00faltim, per\u00f2 no menys important, dintre del programa Jugar i Llegir, hem obert un nou espai tots els dilluns en horari de 17:30 fins 18:30, on, junt amb un grup d&#8217;infants i adolescents amb edats compreses entre els 8 i 14 anys, anomenat Jugar i Llegir edici\u00f3 Stop Bullying. Com ja podeu endevinar, estem molt compromesos amb les situacions de vulnerabilitat dels m\u00e9s joves, i, creiem, que tant el bullying, o l&#8217;assetjament escolar, com\u00a0 el cyberbullyin, son situacions que cap persona hauria de viure. Es per aquests motiu que pensem en la prevenci\u00f3 des de edats m\u00e9s tempranes per tal de que situacions com aquestes no es donin, o al menys, intentem posar el nostre humil granet de sorra per poder estalviar-nos patiment, tant uns com els altres. Us anirem informant m\u00e9s sobre aquests taller, mentre, us deixem un tastet d&#8217;uns dibuixos que els infants, espont\u00e0niament varen dibuixar el primer dia del taller&#8230;ja que no volien marxar!!! \ud83d\ude09<\/p>\n<p lang=\"ca-ES\">Que passeu bon dia!<\/p>\n<p lang=\"ca-ES\"><a href=\"http:\/\/xarxaomnia.gencat.cat\/blocs\/rierabonet\/2017\/02\/10\/ja-em-tornat\/captura-de-2017-02-10-140806\/\" rel=\"attachment wp-att-1288\"><img loading=\"lazy\" decoding=\"async\" class=\"aligncenter size-full wp-image-1288\" src=\"http:\/\/xarxaomnia.gencat.cat\/blocs\/rierabonet\/files\/2017\/02\/Captura-de-2017-02-10-140806.png\" alt=\"Captura de 2017-02-10 14:08:06\" width=\"1280\" height=\"1024\" srcset=\"https:\/\/bloc.xarxa-omnia.org\/rierabonet\/files\/2017\/02\/Captura-de-2017-02-10-140806.png 1280w, https:\/\/bloc.xarxa-omnia.org\/rierabonet\/files\/2017\/02\/Captura-de-2017-02-10-140806-150x120.png 150w, https:\/\/bloc.xarxa-omnia.org\/rierabonet\/files\/2017\/02\/Captura-de-2017-02-10-140806-768x614.png 768w, https:\/\/bloc.xarxa-omnia.org\/rierabonet\/files\/2017\/02\/Captura-de-2017-02-10-140806-624x499.png 624w\" sizes=\"auto, (max-width: 1280px) 100vw, 1280px\" \/><\/a><\/p>\n","protected":false},"excerpt":{"rendered":"<p>Ja em tornat, i de nou, em comen\u00e7at un\u00a0 altre trimestre\u00a0 dinamitzant els nous tallers en el Punt \u00d2mnia Riera Bonet, tallers d&#8217;ofim\u00e0tica, tallers d&#8217;inserci\u00f3 ocupacional, tallers de m\u00f2bils i de tauletes, de catal\u00e0, de mem\u00f2ria, d&#8217;iniciaci\u00f3 a les tic, com tamb\u00e9 tallers per mantindre la mem\u00f2ria per a la &#8230;<\/p>\n","protected":false},"author":157,"featured_media":0,"comment_status":"closed","ping_status":"closed","sticky":false,"template":"","format":"standard","meta":{"_s2mail":"","footnotes":""},"categories":[41],"tags":[],"class_list":["post-1287","post","type-post","status-publish","format-standard","hentry","category-mnia","column","twocol"],"_links":{"self":[{"href":"https:\/\/bloc.xarxa-omnia.org\/rierabonet\/wp-json\/wp\/v2\/posts\/1287","targetHints":{"allow":["GET"]}}],"collection":[{"href":"https:\/\/bloc.xarxa-omnia.org\/rierabonet\/wp-json\/wp\/v2\/posts"}],"about":[{"href":"https:\/\/bloc.xarxa-omnia.org\/rierabonet\/wp-json\/wp\/v2\/types\/post"}],"author":[{"embeddable":true,"href":"https:\/\/bloc.xarxa-omnia.org\/rierabonet\/wp-json\/wp\/v2\/users\/157"}],"replies":[{"embeddable":true,"href":"https:\/\/bloc.xarxa-omnia.org\/rierabonet\/wp-json\/wp\/v2\/comments?post=1287"}],"version-history":[{"count":2,"href":"https:\/\/bloc.xarxa-omnia.org\/rierabonet\/wp-json\/wp\/v2\/posts\/1287\/revisions"}],"predecessor-version":[{"id":1290,"href":"https:\/\/bloc.xarxa-omnia.org\/rierabonet\/wp-json\/wp\/v2\/posts\/1287\/revisions\/1290"}],"wp:attachment":[{"href":"https:\/\/bloc.xarxa-omnia.org\/rierabonet\/wp-json\/wp\/v2\/media?parent=1287"}],"wp:term":[{"taxonomy":"category","embeddable":true,"href":"https:\/\/bloc.xarxa-omnia.org\/rierabonet\/wp-json\/wp\/v2\/categories?post=1287"},{"taxonomy":"post_tag","embeddable":true,"href":"https:\/\/bloc.xarxa-omnia.org\/rierabonet\/wp-json\/wp\/v2\/tags?post=1287"}],"curies":[{"name":"wp","href":"https:\/\/api.w.org\/{rel}","templated":true}]}}