{"id":427,"date":"2014-03-19T16:15:13","date_gmt":"2014-03-19T14:15:13","guid":{"rendered":"http:\/\/xarxaomnia.gencat.cat\/blocs\/rierabonet\/?p=427"},"modified":"2015-03-12T21:35:21","modified_gmt":"2015-03-12T19:35:21","slug":"imatges-editades-pels-alumnes-de-pqpi-del-centre-docupacio-i-desenvolupament-joan-n-garcia-nieto","status":"publish","type":"post","link":"https:\/\/bloc.xarxa-omnia.org\/rierabonet\/2014\/03\/19\/imatges-editades-pels-alumnes-de-pqpi-del-centre-docupacio-i-desenvolupament-joan-n-garcia-nieto\/","title":{"rendered":"Imatges editades pels alumnes del PQPI del Centre d&#8217;Ocupaci\u00f3 i Desenvolupament Joan N. Garc\u00eda Nieto"},"content":{"rendered":"<p>Enguany, al punt \u00d2mnia rebem els alumnes dels PQPI de Comer\u00e7 i Hosteleria del Centre d&#8217;ocupaci\u00f3 i Desenvolupament Joan N. Garc\u00eda Nieto, de Molins de Rei.<\/p>\n<p>Darrerament hem apr\u00e8s a utilitzar el programa GIMP, i hem editat imatges relacionades amb la cuina i el comer\u00e7, que posteriorment hem penjat al bloc que cadasc\u00fa elabora. Us en deixem un tastet, esperem que us agradin!<\/p>\n<div id='gallery-1' class='gallery galleryid-427 gallery-columns-3 gallery-size-thumbnail'><figure class='gallery-item'>\n\t\t\t<div class='gallery-icon landscape'>\n\t\t\t\t<a rel='attachment' href='https:\/\/bloc.xarxa-omnia.org\/rierabonet\/2014\/03\/19\/imatges-editades-pels-alumnes-de-pqpi-del-centre-docupacio-i-desenvolupament-joan-n-garcia-nieto\/coulant-chocolate\/'><img loading=\"lazy\" decoding=\"async\" width=\"150\" height=\"150\" src=\"https:\/\/bloc.xarxa-omnia.org\/rierabonet\/files\/2014\/03\/coulant-chocolate-150x150.jpg\" class=\"attachment-thumbnail size-thumbnail\" alt=\"\" srcset=\"https:\/\/bloc.xarxa-omnia.org\/rierabonet\/files\/2014\/03\/coulant-chocolate-150x150.jpg 150w, https:\/\/bloc.xarxa-omnia.org\/rierabonet\/files\/2014\/03\/coulant-chocolate-300x300.jpg 300w, https:\/\/bloc.xarxa-omnia.org\/rierabonet\/files\/2014\/03\/coulant-chocolate.jpg 500w\" sizes=\"auto, (max-width: 150px) 100vw, 150px\" \/><\/a>\n\t\t\t<\/div><\/figure><figure class='gallery-item'>\n\t\t\t<div class='gallery-icon landscape'>\n\t\t\t\t<a rel='attachment' href='https:\/\/bloc.xarxa-omnia.org\/rierabonet\/2014\/03\/19\/imatges-editades-pels-alumnes-de-pqpi-del-centre-docupacio-i-desenvolupament-joan-n-garcia-nieto\/kentucky-sergiod\/'><img loading=\"lazy\" decoding=\"async\" width=\"150\" height=\"150\" src=\"https:\/\/bloc.xarxa-omnia.org\/rierabonet\/files\/2014\/03\/kentucky-sergioD-150x150.jpg\" class=\"attachment-thumbnail size-thumbnail\" alt=\"\" \/><\/a>\n\t\t\t<\/div><\/figure><figure class='gallery-item'>\n\t\t\t<div class='gallery-icon portrait'>\n\t\t\t\t<a rel='attachment' href='https:\/\/bloc.xarxa-omnia.org\/rierabonet\/2014\/03\/19\/imatges-editades-pels-alumnes-de-pqpi-del-centre-docupacio-i-desenvolupament-joan-n-garcia-nieto\/mojito-joaquin\/'><img loading=\"lazy\" decoding=\"async\" width=\"150\" height=\"150\" src=\"https:\/\/bloc.xarxa-omnia.org\/rierabonet\/files\/2014\/03\/Mojito-Joaquin-150x150.jpg\" class=\"attachment-thumbnail size-thumbnail\" alt=\"\" \/><\/a>\n\t\t\t<\/div><\/figure><figure class='gallery-item'>\n\t\t\t<div class='gallery-icon landscape'>\n\t\t\t\t<a rel='attachment' href='https:\/\/bloc.xarxa-omnia.org\/rierabonet\/2014\/03\/19\/imatges-editades-pels-alumnes-de-pqpi-del-centre-docupacio-i-desenvolupament-joan-n-garcia-nieto\/postre-joaquin\/'><img loading=\"lazy\" decoding=\"async\" width=\"150\" height=\"150\" src=\"https:\/\/bloc.xarxa-omnia.org\/rierabonet\/files\/2014\/03\/Postre-joaquin-150x150.jpg\" class=\"attachment-thumbnail size-thumbnail\" alt=\"\" \/><\/a>\n\t\t\t<\/div><\/figure><figure class='gallery-item'>\n\t\t\t<div class='gallery-icon landscape'>\n\t\t\t\t<a rel='attachment' href='https:\/\/bloc.xarxa-omnia.org\/rierabonet\/2014\/03\/19\/imatges-editades-pels-alumnes-de-pqpi-del-centre-docupacio-i-desenvolupament-joan-n-garcia-nieto\/pizza-ee5\/'><img loading=\"lazy\" decoding=\"async\" width=\"150\" height=\"150\" src=\"https:\/\/bloc.xarxa-omnia.org\/rierabonet\/files\/2014\/03\/pizza-ee5-150x150.jpg\" class=\"attachment-thumbnail size-thumbnail\" alt=\"\" \/><\/a>\n\t\t\t<\/div><\/figure><figure class='gallery-item'>\n\t\t\t<div class='gallery-icon landscape'>\n\t\t\t\t<a rel='attachment' href='https:\/\/bloc.xarxa-omnia.org\/rierabonet\/2014\/03\/19\/imatges-editades-pels-alumnes-de-pqpi-del-centre-docupacio-i-desenvolupament-joan-n-garcia-nieto\/judith-imatgegh-3\/'><img loading=\"lazy\" decoding=\"async\" width=\"150\" height=\"150\" src=\"https:\/\/bloc.xarxa-omnia.org\/rierabonet\/files\/2014\/03\/judith-imatgeGH-3-150x150.jpg\" class=\"attachment-thumbnail size-thumbnail\" alt=\"\" \/><\/a>\n\t\t\t<\/div><\/figure><figure class='gallery-item'>\n\t\t\t<div class='gallery-icon portrait'>\n\t\t\t\t<a rel='attachment' href='https:\/\/bloc.xarxa-omnia.org\/rierabonet\/2014\/03\/19\/imatges-editades-pels-alumnes-de-pqpi-del-centre-docupacio-i-desenvolupament-joan-n-garcia-nieto\/foto1jose\/'><img loading=\"lazy\" decoding=\"async\" width=\"150\" height=\"150\" src=\"https:\/\/bloc.xarxa-omnia.org\/rierabonet\/files\/2014\/03\/Foto1Jose-150x150.jpg\" class=\"attachment-thumbnail size-thumbnail\" alt=\"\" \/><\/a>\n\t\t\t<\/div><\/figure><figure class='gallery-item'>\n\t\t\t<div class='gallery-icon landscape'>\n\t\t\t\t<a rel='attachment' href='https:\/\/bloc.xarxa-omnia.org\/rierabonet\/2014\/03\/19\/imatges-editades-pels-alumnes-de-pqpi-del-centre-docupacio-i-desenvolupament-joan-n-garcia-nieto\/angelimagen2\/'><img loading=\"lazy\" decoding=\"async\" width=\"150\" height=\"150\" src=\"https:\/\/bloc.xarxa-omnia.org\/rierabonet\/files\/2014\/03\/angelimagen2-150x150.jpg\" class=\"attachment-thumbnail size-thumbnail\" alt=\"\" \/><\/a>\n\t\t\t<\/div><\/figure><figure class='gallery-item'>\n\t\t\t<div class='gallery-icon portrait'>\n\t\t\t\t<a rel='attachment' href='https:\/\/bloc.xarxa-omnia.org\/rierabonet\/2014\/03\/19\/imatges-editades-pels-alumnes-de-pqpi-del-centre-docupacio-i-desenvolupament-joan-n-garcia-nieto\/foto-jose2\/'><img loading=\"lazy\" decoding=\"async\" width=\"150\" height=\"150\" src=\"https:\/\/bloc.xarxa-omnia.org\/rierabonet\/files\/2014\/03\/FOTO-JOSE2-150x150.jpg\" class=\"attachment-thumbnail size-thumbnail\" alt=\"\" \/><\/a>\n\t\t\t<\/div><\/figure><figure class='gallery-item'>\n\t\t\t<div class='gallery-icon landscape'>\n\t\t\t\t<a rel='attachment' href='https:\/\/bloc.xarxa-omnia.org\/rierabonet\/2014\/03\/19\/imatges-editades-pels-alumnes-de-pqpi-del-centre-docupacio-i-desenvolupament-joan-n-garcia-nieto\/imatge3angel\/'><img loading=\"lazy\" decoding=\"async\" width=\"150\" height=\"150\" src=\"https:\/\/bloc.xarxa-omnia.org\/rierabonet\/files\/2014\/03\/Imatge3ANGEL-150x150.jpg\" class=\"attachment-thumbnail size-thumbnail\" alt=\"\" \/><\/a>\n\t\t\t<\/div><\/figure><figure class='gallery-item'>\n\t\t\t<div class='gallery-icon landscape'>\n\t\t\t\t<a rel='attachment' href='https:\/\/bloc.xarxa-omnia.org\/rierabonet\/2014\/03\/19\/imatges-editades-pels-alumnes-de-pqpi-del-centre-docupacio-i-desenvolupament-joan-n-garcia-nieto\/josette-imatge-2\/'><img loading=\"lazy\" decoding=\"async\" width=\"150\" height=\"150\" src=\"https:\/\/bloc.xarxa-omnia.org\/rierabonet\/files\/2014\/03\/josette-imatge-2-150x150.jpg\" class=\"attachment-thumbnail size-thumbnail\" alt=\"\" srcset=\"https:\/\/bloc.xarxa-omnia.org\/rierabonet\/files\/2014\/03\/josette-imatge-2-150x150.jpg 150w, https:\/\/bloc.xarxa-omnia.org\/rierabonet\/files\/2014\/03\/josette-imatge-2-300x300.jpg 300w, https:\/\/bloc.xarxa-omnia.org\/rierabonet\/files\/2014\/03\/josette-imatge-2.jpg 900w\" sizes=\"auto, (max-width: 150px) 100vw, 150px\" \/><\/a>\n\t\t\t<\/div><\/figure><figure class='gallery-item'>\n\t\t\t<div class='gallery-icon landscape'>\n\t\t\t\t<a rel='attachment' href='https:\/\/bloc.xarxa-omnia.org\/rierabonet\/2014\/03\/19\/imatges-editades-pels-alumnes-de-pqpi-del-centre-docupacio-i-desenvolupament-joan-n-garcia-nieto\/josette-imatge-3\/'><img loading=\"lazy\" decoding=\"async\" width=\"150\" height=\"150\" src=\"https:\/\/bloc.xarxa-omnia.org\/rierabonet\/files\/2014\/03\/josette-imatge-3-150x150.jpg\" class=\"attachment-thumbnail size-thumbnail\" alt=\"\" \/><\/a>\n\t\t\t<\/div><\/figure>\n\t\t<\/div>\n\n<p>&nbsp;<\/p>\n","protected":false},"excerpt":{"rendered":"<p>Enguany, al punt \u00d2mnia rebem els alumnes dels PQPI de Comer\u00e7 i Hosteleria del Centre d&#8217;ocupaci\u00f3 i Desenvolupament Joan N. Garc\u00eda Nieto, de Molins de Rei. Darrerament hem apr\u00e8s a utilitzar el programa GIMP, i hem editat imatges relacionades amb la cuina i el comer\u00e7, que posteriorment hem penjat al &#8230;<\/p>\n","protected":false},"author":157,"featured_media":0,"comment_status":"closed","ping_status":"open","sticky":false,"template":"","format":"standard","meta":{"_s2mail":"","footnotes":""},"categories":[41],"tags":[],"class_list":["post-427","post","type-post","status-publish","format-standard","hentry","category-mnia","column","twocol"],"_links":{"self":[{"href":"https:\/\/bloc.xarxa-omnia.org\/rierabonet\/wp-json\/wp\/v2\/posts\/427","targetHints":{"allow":["GET"]}}],"collection":[{"href":"https:\/\/bloc.xarxa-omnia.org\/rierabonet\/wp-json\/wp\/v2\/posts"}],"about":[{"href":"https:\/\/bloc.xarxa-omnia.org\/rierabonet\/wp-json\/wp\/v2\/types\/post"}],"author":[{"embeddable":true,"href":"https:\/\/bloc.xarxa-omnia.org\/rierabonet\/wp-json\/wp\/v2\/users\/157"}],"replies":[{"embeddable":true,"href":"https:\/\/bloc.xarxa-omnia.org\/rierabonet\/wp-json\/wp\/v2\/comments?post=427"}],"version-history":[{"count":5,"href":"https:\/\/bloc.xarxa-omnia.org\/rierabonet\/wp-json\/wp\/v2\/posts\/427\/revisions"}],"predecessor-version":[{"id":445,"href":"https:\/\/bloc.xarxa-omnia.org\/rierabonet\/wp-json\/wp\/v2\/posts\/427\/revisions\/445"}],"wp:attachment":[{"href":"https:\/\/bloc.xarxa-omnia.org\/rierabonet\/wp-json\/wp\/v2\/media?parent=427"}],"wp:term":[{"taxonomy":"category","embeddable":true,"href":"https:\/\/bloc.xarxa-omnia.org\/rierabonet\/wp-json\/wp\/v2\/categories?post=427"},{"taxonomy":"post_tag","embeddable":true,"href":"https:\/\/bloc.xarxa-omnia.org\/rierabonet\/wp-json\/wp\/v2\/tags?post=427"}],"curies":[{"name":"wp","href":"https:\/\/api.w.org\/{rel}","templated":true}]}}