{"id":587,"date":"2014-07-30T14:16:37","date_gmt":"2014-07-30T12:16:37","guid":{"rendered":"http:\/\/xarxaomnia.gencat.cat\/blocs\/rierabonet\/?p=587"},"modified":"2015-03-12T21:34:48","modified_gmt":"2015-03-12T19:34:48","slug":"tallers-del-punt-omnia-per-al-proper-trimestre","status":"publish","type":"post","link":"https:\/\/bloc.xarxa-omnia.org\/rierabonet\/2014\/07\/30\/tallers-del-punt-omnia-per-al-proper-trimestre\/","title":{"rendered":"Tallers del punt \u00d2mnia per al proper trimestre"},"content":{"rendered":"<p>Us presentem els tallers del punt \u00d2mnia per al trimestre setembre &#8211; desembre de 2014. Per a poder-s&#8217;hi inscriure cal que <strong>recolliu pr\u00e8viament un n\u00famero<\/strong>, <strong>de l&#8217;1 al 5 de setembre<\/strong> (ambd\u00f3s inclosos) al Casal C\u00edvic Riera Bonet. Les <strong>inscripcions<\/strong> seran el dia <strong>9 de setembre a les 16 h <\/strong>(comen\u00e7ant pel n\u00famero que sortir\u00e0 en sorteig el dia 8 de setembre).<\/p>\n<p style=\"text-align: center\"><a href=\"http:\/\/xarxaomnia.gencat.cat\/blocs\/rierabonet\/files\/2014\/07\/Horaris-Setembre-Desembre-20141.jpg\"><img loading=\"lazy\" decoding=\"async\" class=\"aligncenter  wp-image-590\" alt=\"Horaris Setembre - Desembre 2014\" src=\"http:\/\/xarxaomnia.gencat.cat\/blocs\/rierabonet\/files\/2014\/07\/Horaris-Setembre-Desembre-20141.jpg\" width=\"445\" height=\"284\" srcset=\"https:\/\/bloc.xarxa-omnia.org\/rierabonet\/files\/2014\/07\/Horaris-Setembre-Desembre-20141.jpg 741w, https:\/\/bloc.xarxa-omnia.org\/rierabonet\/files\/2014\/07\/Horaris-Setembre-Desembre-20141-150x95.jpg 150w\" sizes=\"auto, (max-width: 445px) 100vw, 445px\" \/><\/a><\/p>\n<p style=\"text-align: center\"><a href=\"http:\/\/xarxaomnia.gencat.cat\/blocs\/rierabonet\/files\/2014\/07\/Triptic-Punt-\u00d2mnia-set-des-2014.jpeg\"><img loading=\"lazy\" decoding=\"async\" class=\"aligncenter  wp-image-593\" alt=\"Triptic Punt \u00d2mnia set des 2014\" src=\"http:\/\/xarxaomnia.gencat.cat\/blocs\/rierabonet\/files\/2014\/07\/Triptic-Punt-\u00d2mnia-set-des-2014.jpeg\" width=\"444\" height=\"343\" srcset=\"https:\/\/bloc.xarxa-omnia.org\/rierabonet\/files\/2014\/07\/Triptic-Punt-\u00d2mnia-set-des-2014.jpeg 1057w, https:\/\/bloc.xarxa-omnia.org\/rierabonet\/files\/2014\/07\/Triptic-Punt-\u00d2mnia-set-des-2014-150x115.jpeg 150w\" sizes=\"auto, (max-width: 444px) 100vw, 444px\" \/><\/a><\/p>\n","protected":false},"excerpt":{"rendered":"<p>Us presentem els tallers del punt \u00d2mnia per al trimestre setembre &#8211; desembre de 2014. Per a poder-s&#8217;hi inscriure cal que recolliu pr\u00e8viament un n\u00famero, de l&#8217;1 al 5 de setembre (ambd\u00f3s inclosos) al Casal C\u00edvic Riera Bonet. Les inscripcions seran el dia 9 de setembre a les 16 h &#8230;<\/p>\n","protected":false},"author":157,"featured_media":0,"comment_status":"closed","ping_status":"open","sticky":false,"template":"","format":"standard","meta":{"_s2mail":"","footnotes":""},"categories":[41],"tags":[],"class_list":["post-587","post","type-post","status-publish","format-standard","hentry","category-mnia","column","twocol"],"_links":{"self":[{"href":"https:\/\/bloc.xarxa-omnia.org\/rierabonet\/wp-json\/wp\/v2\/posts\/587","targetHints":{"allow":["GET"]}}],"collection":[{"href":"https:\/\/bloc.xarxa-omnia.org\/rierabonet\/wp-json\/wp\/v2\/posts"}],"about":[{"href":"https:\/\/bloc.xarxa-omnia.org\/rierabonet\/wp-json\/wp\/v2\/types\/post"}],"author":[{"embeddable":true,"href":"https:\/\/bloc.xarxa-omnia.org\/rierabonet\/wp-json\/wp\/v2\/users\/157"}],"replies":[{"embeddable":true,"href":"https:\/\/bloc.xarxa-omnia.org\/rierabonet\/wp-json\/wp\/v2\/comments?post=587"}],"version-history":[{"count":5,"href":"https:\/\/bloc.xarxa-omnia.org\/rierabonet\/wp-json\/wp\/v2\/posts\/587\/revisions"}],"predecessor-version":[{"id":595,"href":"https:\/\/bloc.xarxa-omnia.org\/rierabonet\/wp-json\/wp\/v2\/posts\/587\/revisions\/595"}],"wp:attachment":[{"href":"https:\/\/bloc.xarxa-omnia.org\/rierabonet\/wp-json\/wp\/v2\/media?parent=587"}],"wp:term":[{"taxonomy":"category","embeddable":true,"href":"https:\/\/bloc.xarxa-omnia.org\/rierabonet\/wp-json\/wp\/v2\/categories?post=587"},{"taxonomy":"post_tag","embeddable":true,"href":"https:\/\/bloc.xarxa-omnia.org\/rierabonet\/wp-json\/wp\/v2\/tags?post=587"}],"curies":[{"name":"wp","href":"https:\/\/api.w.org\/{rel}","templated":true}]}}