{"id":690,"date":"2014-11-20T16:45:39","date_gmt":"2014-11-20T14:45:39","guid":{"rendered":"http:\/\/xarxaomnia.gencat.cat\/blocs\/rierabonet\/?p=690"},"modified":"2015-03-12T21:34:47","modified_gmt":"2015-03-12T19:34:47","slug":"20-de-novembre-dia-universal-de-la-infancia","status":"publish","type":"post","link":"https:\/\/bloc.xarxa-omnia.org\/rierabonet\/2014\/11\/20\/20-de-novembre-dia-universal-de-la-infancia\/","title":{"rendered":"20 de novembre, Dia Universal de la Inf\u00e0ncia"},"content":{"rendered":"<p>Avui dijous 20 de novembre se celebra el Dia Universal de la Inf\u00e0ncia. I ja fa 25 anys que es va celebrar la Convenci\u00f3 dels drets dels infants. Us enllacem aquesta aplicaci\u00f3, que ens explica quins s\u00f3n els drets dels infants:<\/p>\n<p style=\"text-align: center\"><a href=\"http:\/\/jocdelsdrets.gencat.cat\/index.php\"><img loading=\"lazy\" decoding=\"async\" class=\"aligncenter  wp-image-691\" alt=\"Els drets dels infants\" src=\"http:\/\/xarxaomnia.gencat.cat\/blocs\/rierabonet\/files\/2014\/11\/Children_playing_boardgame_by_4getfoo.jpg\" width=\"480\" height=\"246\" srcset=\"https:\/\/bloc.xarxa-omnia.org\/rierabonet\/files\/2014\/11\/Children_playing_boardgame_by_4getfoo.jpg 600w, https:\/\/bloc.xarxa-omnia.org\/rierabonet\/files\/2014\/11\/Children_playing_boardgame_by_4getfoo-150x76.jpg 150w\" sizes=\"auto, (max-width: 480px) 100vw, 480px\" \/>Els drets dels infants<\/a><\/p>\n<p style=\"text-align: left\">Tamb\u00e9 us deixem una p\u00e0gina que explica molt b\u00e9 quins s\u00f3n els drets de tots els nens i les nenes del m\u00f3n:<\/p>\n<p style=\"text-align: center\"><a title=\"Coneix els teus drets\" href=\"http:\/\/www.coneixelsteusdrets.cat\/home_drets_3.html\">Coneix els teus drets<\/a><\/p>\n","protected":false},"excerpt":{"rendered":"<p>Avui dijous 20 de novembre se celebra el Dia Universal de la Inf\u00e0ncia. I ja fa 25 anys que es va celebrar la Convenci\u00f3 dels drets dels infants. Us enllacem aquesta aplicaci\u00f3, que ens explica quins s\u00f3n els drets dels infants: Els drets dels infants Tamb\u00e9 us deixem una p\u00e0gina &#8230;<\/p>\n","protected":false},"author":157,"featured_media":0,"comment_status":"closed","ping_status":"closed","sticky":false,"template":"","format":"standard","meta":{"_s2mail":"","footnotes":""},"categories":[41],"tags":[],"class_list":["post-690","post","type-post","status-publish","format-standard","hentry","category-mnia","column","twocol"],"_links":{"self":[{"href":"https:\/\/bloc.xarxa-omnia.org\/rierabonet\/wp-json\/wp\/v2\/posts\/690","targetHints":{"allow":["GET"]}}],"collection":[{"href":"https:\/\/bloc.xarxa-omnia.org\/rierabonet\/wp-json\/wp\/v2\/posts"}],"about":[{"href":"https:\/\/bloc.xarxa-omnia.org\/rierabonet\/wp-json\/wp\/v2\/types\/post"}],"author":[{"embeddable":true,"href":"https:\/\/bloc.xarxa-omnia.org\/rierabonet\/wp-json\/wp\/v2\/users\/157"}],"replies":[{"embeddable":true,"href":"https:\/\/bloc.xarxa-omnia.org\/rierabonet\/wp-json\/wp\/v2\/comments?post=690"}],"version-history":[{"count":6,"href":"https:\/\/bloc.xarxa-omnia.org\/rierabonet\/wp-json\/wp\/v2\/posts\/690\/revisions"}],"predecessor-version":[{"id":698,"href":"https:\/\/bloc.xarxa-omnia.org\/rierabonet\/wp-json\/wp\/v2\/posts\/690\/revisions\/698"}],"wp:attachment":[{"href":"https:\/\/bloc.xarxa-omnia.org\/rierabonet\/wp-json\/wp\/v2\/media?parent=690"}],"wp:term":[{"taxonomy":"category","embeddable":true,"href":"https:\/\/bloc.xarxa-omnia.org\/rierabonet\/wp-json\/wp\/v2\/categories?post=690"},{"taxonomy":"post_tag","embeddable":true,"href":"https:\/\/bloc.xarxa-omnia.org\/rierabonet\/wp-json\/wp\/v2\/tags?post=690"}],"curies":[{"name":"wp","href":"https:\/\/api.w.org\/{rel}","templated":true}]}}