{"id":703,"date":"2014-12-17T11:04:23","date_gmt":"2014-12-17T09:04:23","guid":{"rendered":"http:\/\/xarxaomnia.gencat.cat\/blocs\/rierabonet\/?p=703"},"modified":"2015-03-12T21:34:47","modified_gmt":"2015-03-12T19:34:47","slug":"bon-nadal","status":"publish","type":"post","link":"https:\/\/bloc.xarxa-omnia.org\/rierabonet\/2014\/12\/17\/bon-nadal\/","title":{"rendered":"Bon Nadal i inscripcions per al proper trimestre"},"content":{"rendered":"<p><a href=\"http:\/\/xarxaomnia.gencat.cat\/blocs\/rierabonet\/files\/2014\/12\/pizap.com14177995109941.jpg\"><img loading=\"lazy\" decoding=\"async\" class=\"aligncenter\" title=\"Bon Nadal\" alt=\"Bon Nadal\" src=\"http:\/\/xarxaomnia.gencat.cat\/blocs\/rierabonet\/files\/2014\/12\/pizap.com14177995109941.jpg\" width=\"432\" height=\"324\" \/><\/a><\/p>\n<p>Des del Punt \u00d2mnia del Casal C\u00edvic Riera Bonet volem desitjar-vos Bon Nadal. Tamb\u00e9 volem recordar-vos que per a inscriure&#8217;s a les activitats del proper trimestre, el calendari a seguir \u00e9s el seg\u00fcent:<\/p>\n<p><span style=\"color: #800080\">Del 7 al 12 de gener: <span style=\"color: #008000\"><strong>recollida de n\u00famero<\/strong><\/span> per a la inscripci\u00f3* (dins l&#8217;horari del Casal C\u00edvic: de 10 a 13 h i de 15.30 a 22 h)<\/span><\/p>\n<p><span style=\"color: #800080\">Dia 13 de gener: <strong><span style=\"color: #008000\">sorteig<\/span><\/strong> del n\u00famero inicial de les inscripcions (sortir\u00e0 publicat al web, o el podeu consultar al mateix casal)<\/span><\/p>\n<p><span style=\"color: #800080\">Dia 14 de gener a les 16 h: <span style=\"color: #008000\"><strong>inscripcions<\/strong><\/span>, comen\u00e7ant pel n\u00famero inicial del sorteig, i per ordre de n\u00famero. Cada persona es podr\u00e0 inscriure a un m\u00e0xim de 2 tallers.<\/span><\/p>\n<p>* Les persones en situaci\u00f3 d&#8217;atur no \u00e9s necessari que segueixin el proc\u00e9s d&#8217;inscripci\u00f3. Cal que portin el justificant d&#8217;estar inscrits a l&#8217;atur (durant la setmana del 7 al 12 de gener) i ja es podran inscriure a un m\u00e0xim de 2 tallers directament.<\/p>\n<p style=\"text-align: center\">\n","protected":false},"excerpt":{"rendered":"<p>Des del Punt \u00d2mnia del Casal C\u00edvic Riera Bonet volem desitjar-vos Bon Nadal. Tamb\u00e9 volem recordar-vos que per a inscriure&#8217;s a les activitats del proper trimestre, el calendari a seguir \u00e9s el seg\u00fcent: Del 7 al 12 de gener: recollida de n\u00famero per a la inscripci\u00f3* (dins l&#8217;horari del Casal &#8230;<\/p>\n","protected":false},"author":157,"featured_media":0,"comment_status":"closed","ping_status":"closed","sticky":false,"template":"","format":"standard","meta":{"_s2mail":"","footnotes":""},"categories":[41],"tags":[],"class_list":["post-703","post","type-post","status-publish","format-standard","hentry","category-mnia","column","twocol"],"_links":{"self":[{"href":"https:\/\/bloc.xarxa-omnia.org\/rierabonet\/wp-json\/wp\/v2\/posts\/703","targetHints":{"allow":["GET"]}}],"collection":[{"href":"https:\/\/bloc.xarxa-omnia.org\/rierabonet\/wp-json\/wp\/v2\/posts"}],"about":[{"href":"https:\/\/bloc.xarxa-omnia.org\/rierabonet\/wp-json\/wp\/v2\/types\/post"}],"author":[{"embeddable":true,"href":"https:\/\/bloc.xarxa-omnia.org\/rierabonet\/wp-json\/wp\/v2\/users\/157"}],"replies":[{"embeddable":true,"href":"https:\/\/bloc.xarxa-omnia.org\/rierabonet\/wp-json\/wp\/v2\/comments?post=703"}],"version-history":[{"count":5,"href":"https:\/\/bloc.xarxa-omnia.org\/rierabonet\/wp-json\/wp\/v2\/posts\/703\/revisions"}],"predecessor-version":[{"id":710,"href":"https:\/\/bloc.xarxa-omnia.org\/rierabonet\/wp-json\/wp\/v2\/posts\/703\/revisions\/710"}],"wp:attachment":[{"href":"https:\/\/bloc.xarxa-omnia.org\/rierabonet\/wp-json\/wp\/v2\/media?parent=703"}],"wp:term":[{"taxonomy":"category","embeddable":true,"href":"https:\/\/bloc.xarxa-omnia.org\/rierabonet\/wp-json\/wp\/v2\/categories?post=703"},{"taxonomy":"post_tag","embeddable":true,"href":"https:\/\/bloc.xarxa-omnia.org\/rierabonet\/wp-json\/wp\/v2\/tags?post=703"}],"curies":[{"name":"wp","href":"https:\/\/api.w.org\/{rel}","templated":true}]}}