{"id":785,"date":"2015-03-18T11:22:58","date_gmt":"2015-03-18T09:22:58","guid":{"rendered":"http:\/\/xarxaomnia.gencat.cat\/blocs\/rierabonet\/?p=785"},"modified":"2015-03-18T11:34:52","modified_gmt":"2015-03-18T09:34:52","slug":"horari-i-activitats-del-punt-omnia-al-2n-trimestre-del-2015","status":"publish","type":"post","link":"https:\/\/bloc.xarxa-omnia.org\/rierabonet\/2015\/03\/18\/horari-i-activitats-del-punt-omnia-al-2n-trimestre-del-2015\/","title":{"rendered":"Horari i activitats del Punt \u00d2mnia al 2n trimestre del 2015"},"content":{"rendered":"<p><strong><span style=\"color: #800080\">Tallers d&#8217;inform\u00e0tica:<\/span> <\/strong>Recollida de n\u00famero: 23, 24 i 25 de mar\u00e7 \/\/ Sorteig del n\u00famero inicial: 25 de mar\u00e7 a la tarda<\/p>\n<p><strong>Inscripcions: 26 de mar\u00e7 a les 16 h \/\/ Inici tallers: Dimarts 7 d&#8217;abril<br \/>\n<\/strong><\/p>\n<p>Les activitats generals del casal continuen sent les mateixes que al trimestre anterior. Qui vulgui apuntar-se a alguna activitat cal que passi per recepci\u00f3.<\/p>\n<p><a title=\"Activitats generals del Casal C\u00edvic al 1r trimestre del 2015\" href=\"http:\/\/xarxaomnia.gencat.cat\/blocs\/rierabonet\/2015\/01\/09\/activitats-generals-del-casal-civic-al-1r-trimestre-del-2015\/\">Activitats generals de casal<\/a><\/p>\n<p><a href=\"http:\/\/xarxaomnia.gencat.cat\/blocs\/rierabonet\/files\/2015\/03\/PO-Riera-Bonet-horari-abril-juny-20151.jpg\"><img loading=\"lazy\" decoding=\"async\" class=\"  alignleft wp-image-789\" src=\"http:\/\/xarxaomnia.gencat.cat\/blocs\/rierabonet\/files\/2015\/03\/PO-Riera-Bonet-horari-abril-juny-20151.jpg\" alt=\"PO Riera Bonet horari abril - juny 2015\" width=\"431\" height=\"338\" srcset=\"https:\/\/bloc.xarxa-omnia.org\/rierabonet\/files\/2015\/03\/PO-Riera-Bonet-horari-abril-juny-20151.jpg 1720w, https:\/\/bloc.xarxa-omnia.org\/rierabonet\/files\/2015\/03\/PO-Riera-Bonet-horari-abril-juny-20151-150x118.jpg 150w\" sizes=\"auto, (max-width: 431px) 100vw, 431px\" \/><\/a><\/p>\n","protected":false},"excerpt":{"rendered":"<p>Tallers d&#8217;inform\u00e0tica: Recollida de n\u00famero: 23, 24 i 25 de mar\u00e7 \/\/ Sorteig del n\u00famero inicial: 25 de mar\u00e7 a la tarda Inscripcions: 26 de mar\u00e7 a les 16 h \/\/ Inici tallers: Dimarts 7 d&#8217;abril Les activitats generals del casal continuen sent les mateixes que al trimestre anterior. Qui &#8230;<\/p>\n","protected":false},"author":157,"featured_media":0,"comment_status":"closed","ping_status":"closed","sticky":false,"template":"","format":"standard","meta":{"_s2mail":"","footnotes":""},"categories":[41],"tags":[],"class_list":["post-785","post","type-post","status-publish","format-standard","hentry","category-mnia","column","twocol"],"_links":{"self":[{"href":"https:\/\/bloc.xarxa-omnia.org\/rierabonet\/wp-json\/wp\/v2\/posts\/785","targetHints":{"allow":["GET"]}}],"collection":[{"href":"https:\/\/bloc.xarxa-omnia.org\/rierabonet\/wp-json\/wp\/v2\/posts"}],"about":[{"href":"https:\/\/bloc.xarxa-omnia.org\/rierabonet\/wp-json\/wp\/v2\/types\/post"}],"author":[{"embeddable":true,"href":"https:\/\/bloc.xarxa-omnia.org\/rierabonet\/wp-json\/wp\/v2\/users\/157"}],"replies":[{"embeddable":true,"href":"https:\/\/bloc.xarxa-omnia.org\/rierabonet\/wp-json\/wp\/v2\/comments?post=785"}],"version-history":[{"count":5,"href":"https:\/\/bloc.xarxa-omnia.org\/rierabonet\/wp-json\/wp\/v2\/posts\/785\/revisions"}],"predecessor-version":[{"id":792,"href":"https:\/\/bloc.xarxa-omnia.org\/rierabonet\/wp-json\/wp\/v2\/posts\/785\/revisions\/792"}],"wp:attachment":[{"href":"https:\/\/bloc.xarxa-omnia.org\/rierabonet\/wp-json\/wp\/v2\/media?parent=785"}],"wp:term":[{"taxonomy":"category","embeddable":true,"href":"https:\/\/bloc.xarxa-omnia.org\/rierabonet\/wp-json\/wp\/v2\/categories?post=785"},{"taxonomy":"post_tag","embeddable":true,"href":"https:\/\/bloc.xarxa-omnia.org\/rierabonet\/wp-json\/wp\/v2\/tags?post=785"}],"curies":[{"name":"wp","href":"https:\/\/api.w.org\/{rel}","templated":true}]}}