{"id":98,"date":"2012-11-28T15:05:49","date_gmt":"2012-11-28T13:05:49","guid":{"rendered":"http:\/\/xarxaomnia.gencat.cat\/blocs\/rierabonet\/?p=98"},"modified":"2015-03-12T21:35:33","modified_gmt":"2015-03-12T19:35:33","slug":"dia-mundial-dels-drtes-dels-nens-2012","status":"publish","type":"post","link":"https:\/\/bloc.xarxa-omnia.org\/rierabonet\/2012\/11\/28\/dia-mundial-dels-drtes-dels-nens-2012\/","title":{"rendered":"Dia Mundial dels Drets dels nens 2012"},"content":{"rendered":"<p>El Punt \u00d2mnia de la Riera Bonet, ha volgut participar en la celebraci\u00f3 del Dia Mundial dels drets dels nens a trav\u00e9s de la creaci\u00f3 d&#8217;un video col.laboratiu on els nens i nens de diferents Punt \u00d2mnia expressen que en pensen de cada un dels 10 drets fonamentals dels infants.<\/p>\n<p>Aquest v\u00eddeo s&#8217;ha realitzat durant les sessi\u00f3ns d&#8217;inform\u00e0tica per nens de dilluns i dimarts.<\/p>\n<p>Esperem que us agradi:<br \/>\n<iframe loading=\"lazy\" width=\"400\" height=\"225\" src=\"http:\/\/www.youtube.com\/embed\/WsEJpWVjtsc\" frameborder=\"0\" allowfullscreen><\/iframe><\/p>\n<p>Tamb\u00e9 el podeu trobar a la web de la Xarxa \u00d2mnia:<br \/>\nwww.xarxa-omnia.org<\/p>\n","protected":false},"excerpt":{"rendered":"<p>El Punt \u00d2mnia de la Riera Bonet, ha volgut participar en la celebraci\u00f3 del Dia Mundial dels drets dels nens a trav\u00e9s de la creaci\u00f3 d&#8217;un video col.laboratiu on els nens i nens de diferents Punt \u00d2mnia expressen que en pensen de cada un dels 10 drets fonamentals dels infants. &#8230;<\/p>\n","protected":false},"author":157,"featured_media":0,"comment_status":"closed","ping_status":"open","sticky":false,"template":"","format":"standard","meta":{"_s2mail":"","footnotes":""},"categories":[41],"tags":[],"class_list":["post-98","post","type-post","status-publish","format-standard","hentry","category-mnia","column","twocol"],"_links":{"self":[{"href":"https:\/\/bloc.xarxa-omnia.org\/rierabonet\/wp-json\/wp\/v2\/posts\/98","targetHints":{"allow":["GET"]}}],"collection":[{"href":"https:\/\/bloc.xarxa-omnia.org\/rierabonet\/wp-json\/wp\/v2\/posts"}],"about":[{"href":"https:\/\/bloc.xarxa-omnia.org\/rierabonet\/wp-json\/wp\/v2\/types\/post"}],"author":[{"embeddable":true,"href":"https:\/\/bloc.xarxa-omnia.org\/rierabonet\/wp-json\/wp\/v2\/users\/157"}],"replies":[{"embeddable":true,"href":"https:\/\/bloc.xarxa-omnia.org\/rierabonet\/wp-json\/wp\/v2\/comments?post=98"}],"version-history":[{"count":11,"href":"https:\/\/bloc.xarxa-omnia.org\/rierabonet\/wp-json\/wp\/v2\/posts\/98\/revisions"}],"predecessor-version":[{"id":780,"href":"https:\/\/bloc.xarxa-omnia.org\/rierabonet\/wp-json\/wp\/v2\/posts\/98\/revisions\/780"}],"wp:attachment":[{"href":"https:\/\/bloc.xarxa-omnia.org\/rierabonet\/wp-json\/wp\/v2\/media?parent=98"}],"wp:term":[{"taxonomy":"category","embeddable":true,"href":"https:\/\/bloc.xarxa-omnia.org\/rierabonet\/wp-json\/wp\/v2\/categories?post=98"},{"taxonomy":"post_tag","embeddable":true,"href":"https:\/\/bloc.xarxa-omnia.org\/rierabonet\/wp-json\/wp\/v2\/tags?post=98"}],"curies":[{"name":"wp","href":"https:\/\/api.w.org\/{rel}","templated":true}]}}