{"id":565,"date":"2020-03-19T09:56:38","date_gmt":"2020-03-19T09:56:38","guid":{"rendered":"http:\/\/bloc.xarxa-omnia.org\/ripoll\/?p=565"},"modified":"2021-02-09T15:26:00","modified_gmt":"2021-02-09T15:26:00","slug":"faqs-de-proteccio-civil-que-puc-fer-i-que-no-puc-fer","status":"publish","type":"post","link":"https:\/\/bloc.xarxa-omnia.org\/ripoll\/?p=565","title":{"rendered":"FAQ&#8217;s de Protecci\u00f3 Civil, QU\u00c8 PUC FER i QU\u00c8 NO PUC FER?"},"content":{"rendered":"<p style=\"text-align: justify\"><strong>PREGUNTES SOBRE LES RESTRICCIONS D\u2019ACTIVITATS PEL COVID-19 A CATALUNYA<\/strong><\/p>\n<div style=\"text-align: justify\"><em> Versi\u00f3 18\/03\/2020 20:00h.<\/em><br \/>\n<span style=\"color: #ff0000\">1. Em puc moure dins del meu municipi?<\/span><br \/>\nLa mobilitat es limita a determinades activitats: adquisici\u00f3 d\u2019aliments, productes farmac\u00e8utics de primera necessitat, entitats financeres i assegurances, despla\u00e7ament al lloc de treball, retorn a resid\u00e8ncia habitual, atenci\u00f3 i cura a menors d\u2019edat, gent gran i altres<br \/>\npersones especialment vulnerables. Sempre individualment excepte l\u2019acompanyament a persones amb discapacitat o altra causa justificada. A m\u00e9s es mant\u00e9 vigent el confinament a Igualada, \u00d2dena, Santa Margarida de Montbui i Vilanova del Cam\u00ed on hi ha controls per no entrar ni sortir, excepte els serveis essencials<br \/>\n<span style=\"color: #ff0000\">2. Puc entrar o sortir d\u2019Igualada, \u00d2dena, Santa Margarida de Montbui o Vilanova del Cam\u00ed?<\/span><br \/>\nNo, perqu\u00e8 es mant\u00e9 el confinament a aquests municipis. S\u00ed poden entrar i sortir les mercaderies en aquests municipis.<br \/>\n<span style=\"color: #ff0000\">3. Puc entrar i sortir a la resta de municipis?<\/span><br \/>\nS\u00ed, per a les activitats previstes (compra d\u2019aliments o de productes farmac\u00e8utics de primera necessitat, despla\u00e7ament al centre de treball, retorn a domicili, assist\u00e8ncia sanit\u00e0ria o cura de persones amb necessitats). La Generalitat demana limitar al m\u00e0xim aquesta mobilitat.<br \/>\n<span style=\"color: #ff0000\">4. Hi ha algun &#8220;certificat de mobilitat&#8221; o document oficial que hagi de portar per poder circular a peu o amb vehicle?<\/span><br \/>\nNo existeix aquest document hores d\u2019ara<br \/>\n<span style=\"color: #ff0000\">5. Em puc despla\u00e7ar per canviar la cust\u00f2dia de menors a una altra localitat, tant si est\u00e0 a prop com allunyada del meu domicili?<\/span><br \/>\nS\u00ed, entenent que es tracta d\u2019atendre un menor<br \/>\n<span style=\"color: #ff0000\">6. Puc sortir a comprar amb els menors a c\u00e0rrec si no hi ha ning\u00fa m\u00e9s al domicili?<\/span><br \/>\nDemaneu a alg\u00fa que us faci arribar els aliments o productes b\u00e0sics que us calguin o fer la compra per mitjans electr\u00f2nics. Si no \u00e9s possible, eviteu que entrin als establiments.<\/div>\n<div>&nbsp;<\/div>\n<p><!--more--><\/p>\n<div style=\"text-align: justify\"><span style=\"color: #ff0000\">7. Tinc un familiar a c\u00e0rrec amb discapacitat \/ TEA que requereix sortir al carrer. Puc?<\/span><br \/>\nSi \u00e9s imprescindible fer-ho per prescripci\u00f3 de professional sanitari o social, porteu a sobre el certificat de discapacitat i\/o la prescripci\u00f3 del professional.<br \/>\n<span style=\"color: #ff0000\">8. La gent pot sortir al carrer i comprar?<\/span><br \/>\nNom\u00e9s per les compres habituals i evitant aglomeracions. L\u2019estada dins l\u2019establiment ser\u00e0 la m\u00ednima i imprescindible per realitzar la compra necess\u00e0ria. El Departament de Salut recomana mantenir entre 1 i 2 metres de dist\u00e0ncia entre persones.<br \/>\n<span style=\"color: #ff0000\">9. Puc anar a veure el meu familiar\/amic\/ve\u00ed a casa seva?<\/span><br \/>\nNom\u00e9s en els casos de persones vulnerables o dependents i sense que hagi contacte i mantenint una dist\u00e0ncia d\u2019entre 1 i 2 metres.<br \/>\nTamb\u00e9 per la recollida de menors d\u2019edat en els domicilis dels progenitors\/tutors, incl\u00f2s r\u00e8gim de cust\u00f2dia compartida o similar.<\/div>\n<div style=\"text-align: justify\"><span style=\"color: #ff0000\">10. Puc visitar els meus familiars dependents?<\/span><br \/>\nS\u00ed, per garantir l\u2019atenci\u00f3 que necessitin. Mantingueu la dist\u00e0ncia d\u20191 a&nbsp; 2 metres i eviteu el contacte f\u00edsic<br \/>\n<span style=\"color: #ff0000\">11. S\u00f3c persona depenent. La persona que m\u2019assisteix podr\u00e0 venir?<\/span><br \/>\nS\u00ed, forma part dels serveis essencials que es permeten.<br \/>\n<span style=\"color: #ff0000\">12. Puc portar els infants al parc?<\/span><br \/>\nNo<br \/>\n<span style=\"color: #ff0000\">13. Puc deixar els mes fills a c\u00e0rrec de la persona que els cuida habitualment perqu\u00e8 he d\u2019anar a treballar?<\/span><br \/>\nS\u00ed, entenent que es tracta de tenir cura d\u2019un menor d\u2019edat.<br \/>\n<span style=\"color: #ff0000\">14. Puc fer la compra per persones que no poden fer-ho per elles mateixes?<\/span><br \/>\nS\u00ed, per\u00f2 quan li porteu no pot haver contacte i cal mantenir la dist\u00e0ncia d\u2019entre 1 i 2 metres.<br \/>\n<span style=\"color: #ff0000\">15. Puc baixar les escombraries?<\/span><br \/>\nS\u00ed<br \/>\n<span style=\"color: #ff0000\">16. Puc baixar les escombraries del meu ve\u00ed?<\/span><br \/>\nS\u00ed, per\u00f2 sense tenir contacte i respectant la dist\u00e0ncia d\u2019entre 1 i 2 metres.<br \/>\n<span style=\"color: #ff0000\">17. Perqu\u00e8 no puc anar a veure als avis i passar la tarda amb ells?<\/span><br \/>\nS\u00f3n un col\u00b7lectiu molt vulnerable al virus. Cal evitar el contacte. Truca\u2019ls sovint perqu\u00e8 se sentint acompanyats i comprova si tenen necessitats. Si cal, porta\u2019ls el que necessitin (b\u00e0sic) per\u00f2 evitant el contacte i respectant la dist\u00e0ncia d\u2019entre 1 i 2 metres.<br \/>\n<span style=\"color: #ff0000\">18. Podem estar en els espais comunitaris de l&#8217;edifici on vivim?<\/span><br \/>\nNo at\u00e8s que \u00e9s un espai privat d\u2019\u00fas p\u00fablic.<br \/>\n<span style=\"color: #ff0000\">19. Puc fer \u00fas de les zones comunes de l\u2019edifici on visc?<\/span><br \/>\nNom\u00e9s per les activitats imprescindibles (estendre la roba, per exemple) de forma individual. No es pot fer \u00fas d\u2019esbarjo, incl\u00f2s \u00fas individual.<br \/>\n<span style=\"color: #ff0000\">20. Puc sortir al meu pati\/balc\u00f3\/terrassa particular?<\/span><br \/>\nS\u00ed, en poden fer \u00fas les persones que resideixen al domicili<br \/>\n<span style=\"color: #ff0000\">21. Puc treure a passejar la meva mascota?<\/span><br \/>\nDe forma individual cada persona<br \/>\n<span style=\"color: #ff0000\">22. Puc quedar amb gent al carrer?<\/span><br \/>\nNo. La sortida al carrer es limita a les activitats descrites que no inclou les trobades.<br \/>\n<span style=\"color: #ff0000\">23. Es pot anar a la platja?<\/span><br \/>\nNo perqu\u00e8 no est\u00e0 incl\u00f2s en els casos en que es permet la mobilitat a la via p\u00fablica<br \/>\n<span style=\"color: #ff0000\">24. Es pot anar a parcs o al bosc?<\/span><br \/>\nNo perqu\u00e8 no est\u00e0 incl\u00f2s en els casos en que es permet la mobilitat a la via p\u00fablica<br \/>\n<span style=\"color: #ff0000\">25. Quina limitaci\u00f3 hi ha pel qu\u00e8 fa al nombre de persones dins de vehicles particulars?<\/span><br \/>\nSempre de forma individual excepte acompanyar a persones grans, menors o discapacitats.<br \/>\n<span style=\"color: #ff0000\">26. Poden circular motocicletes i bicicletes?<\/span><br \/>\nS\u00ed, nom\u00e9s per les causes de mobilitat previstes i de forma individual<br \/>\n<span style=\"color: #ff0000\">27. I dins de taxis?<\/span><br \/>\nDe forma individual<\/div>\n<div style=\"text-align: justify\"><span style=\"color: #ff0000\">28. Puc anar a recollir un familiar a l&#8217;aeroport, a l\u2019estaci\u00f3, &#8230;?<\/span><br \/>\nNo est\u00e0 previst espec\u00edficament a les excepcions a la mobilitat en espai p\u00fablic. S\u00ed est\u00e0 previst per l\u2019acompanyament de persones amb discapacitat, menors o altres persones amb necessitats i causa justificada (com ara gent gran)<br \/>\n<span style=\"color: #ff0000\">29. Puc sortir per anar a signar un contracte, documentaci\u00f3 o similar?<\/span><br \/>\nNom\u00e9s per causa justificada i si \u00e9s inajornable. Cal recordar que s\u2019ha susp\u00e8s els terminis de tramitaci\u00f3 administrativa (no es caduquen els tr\u00e0mits durant aquests dies)<br \/>\n<span style=\"color: #ff0000\">30. Podem compartir cotxe per anar al metge?<\/span><br \/>\nNom\u00e9s menors, dependents, persones especialment vulnerables o altres causes justificades<br \/>\n<span style=\"color: #ff0000\">31. Els repartidors de paqueteria poden circular lliurement per fer la seva feina?<\/span><br \/>\nS\u00ed en el marc de la seva activitat laboral<br \/>\n<span style=\"color: #ff0000\">32. Si veiem gent desobeint el confinament obligatori sense necessitat? Es pot denunciar?<\/span><br \/>\nS\u00ed, per\u00f2 s\u2019ha d\u2019evitar l\u2019\u00fas massiu del 112 i de les comissaries. La policia ja est\u00e0 actuant d\u2019ofici.<br \/>\n<span style=\"color: #ff0000\">33. Es pot arribar a detenir alg\u00fa per anar pel carrer?<\/span><br \/>\nS\u00ed, en cas de que circuli i no sigui per una de les causes que es permeten o no faci cas a les indicacions dels agents de l\u2019autoritat<br \/>\n<span style=\"color: #ff0000\">34. Puc anar a sales de vetlla al tanatori?<\/span><br \/>\nS\u00ed, respectant les mesures previstes per evitar aglomeracions i mantenint les dist\u00e0ncies. <em>No es permet en cas que el difunt sigui a causa de la COVID-19.<\/em><br \/>\n<span style=\"color: #ff0000\">35. Tinc una cita m\u00e8dica. Hi puc anar?<\/span><br \/>\nS\u2019estan posposant totes les no urgents.<br \/>\n<span style=\"color: #ff0000\">36. Tinc una cita per rehabilitaci\u00f3. Hi puc anar?<\/span><br \/>\nS\u2019estan posposant totes les no urgents.<br \/>\n<span style=\"color: #ff0000\">37. Funciona el transport p\u00fablic?<\/span><br \/>\nS\u00ed, per\u00f2 amb afectacions al servei i la seva ocupaci\u00f3 segons tipologia amb l\u2019objectiu d\u2019evitar aglomeracions. Consulteu detalladament en el gestor del servei.<br \/>\n<span style=\"color: #ff0000\">38. Puc anar a fer gestions a l\u2019ajuntament (multes, impostos&#8230;)?<\/span><br \/>\nConsulteu amb l\u2019Ajuntament si podeu fer els tr\u00e0mits telem\u00e0tics o posposar-los. S\u2019ha susp\u00e8s els terminis de tramitaci\u00f3 administrativa (els propers 15 dies no compten dins dels terminis disponibles pels tr\u00e0mits administratius)<br \/>\n<span style=\"color: #ff0000\">39. He de canviar de pis i fer mudan\u00e7a. Puc?<\/span><br \/>\nSi \u00e9s inajornable per venciment contractual o similar es pot considerar necessitat justificada. Porteu la documentaci\u00f3 que ho acrediti.<br \/>\n<span style=\"color: #ff0000\">40. Puc anar a donar sang?<\/span><br \/>\nS\u00ed, responent a les crides que realitzi l\u2019autoritat sanit\u00e0ria i amb mesures de precauci\u00f3<br \/>\n<span style=\"color: #ff0000\">41. Que passa si es caduca el DNI en aquests dies?<\/span><br \/>\nS\u2019ha establert la pr\u00f2rroga d\u20191 any, fins al 13 de mar\u00e7 de 2021, de la vig\u00e8ncia dels DNI de persones majors d\u2019edat que caduquin des de l\u2019entrada en vigor de l\u2019estat d\u2019alarma.<br \/>\n<span style=\"color: #ff0000\">42. Com justificar una causa de for\u00e7a major o situaci\u00f3 de necessitat per circular a l\u2019exterior?<\/span><br \/>\nPorteu els documents que certifiquin la situaci\u00f3 de necessitat o causa de for\u00e7a major perqu\u00e8 la policia ho pugui comprovar. S\u00f3n nom\u00e9s per a situacions de molta alta excepcionalitat<\/div>\n<div style=\"text-align: justify\">&nbsp;<\/div>\n<div style=\"text-align: justify\"><strong>Sobre l\u2019obertura d\u2019activitats comercials o similars. Poden obrir?<\/strong><br \/>\n<span style=\"color: #ff0000\">43. Estaran obertes les botigues d\u2019aliments, supermercats i similars<\/span><br \/>\nS\u00ed, com a servei essencial<br \/>\n<span style=\"color: #ff0000\">44. Els subministraments a botigues d\u2019aliments i supermercats estan assegurats?<\/span><br \/>\nS\u00ed, la distribuci\u00f3 aliment\u00e0ria est\u00e0 considerada un servei essencial i es coordina amb les plataformes de distribuci\u00f3 l\u2019arribada de productes b\u00e0sics.<br \/>\n<span style=\"color: #ff0000\">45. Puc anar a bars i restaurants?<\/span><br \/>\nEstan obligats a tancar<br \/>\n<span style=\"color: #ff0000\">46. Puc anar al cine o teatre?<\/span><br \/>\nEstan obligats a tancar<br \/>\n<span style=\"color: #ff0000\">47. Puc anar al gimn\u00e0s o instal\u00b7lacions esportives?<\/span><br \/>\nEstan obligats a tancar tots els centres esportius i gimnasos i s\u2019han cancel\u00b7lat els esdeveniments esportius<br \/>\n<span style=\"color: #ff0000\">48. La biblioteca\/museus\/centres c\u00edvics estan oberts? Hi puc anar?<\/span><br \/>\nEstan obligats a tancar<br \/>\n<span style=\"color: #ff0000\">49. Els centres comercials estaran oberts?<\/span><br \/>\nEstan obligats a tancar<br \/>\n<span style=\"color: #ff0000\">50. Les botigues en general que no es trobin en la situaci\u00f3 que exposa el punt anterior poden obrir?<\/span><br \/>\nNom\u00e9s les d\u2019alimentaci\u00f3, begudes, farm\u00e0cies, metges, \u00f2ptiques i productes ortop\u00e8dics, productes higi\u00e8nics, perruqueries, premsa i papereria, benzineres, tabacs, equips tecnol\u00f2gics i de telecomunicacions, aliments d\u2019animals de companyia, comer\u00e7 per internet, telef\u00f2nic o correspond\u00e8ncia, tintoreries i bugaderies<br \/>\n<span style=\"color: #ff0000\">51. Cl\u00edniques veterin\u00e0ries?<\/span><br \/>\nCom a local minorista (venda) nom\u00e9s est\u00e0 autoritzat la venda d\u2019aliment per a animals, per\u00f2 la cl\u00ednica veterin\u00e0ria no \u00e9s un local minorista i per tant s\u00ed poden obrir.<br \/>\n<span style=\"color: #ff0000\">52. Perruqueries?<\/span><br \/>\nL\u2019apertura del local no est\u00e0 permesa. S\u00ed est\u00e0 perm\u00e8s el servei a domicili.<br \/>\n<span style=\"color: #ff0000\">53. Ferreteries?<\/span><br \/>\nNo, perqu\u00e8 no est\u00e0 incl\u00f2s en les excepcions previstes pels locals minoristes<br \/>\n<span style=\"color: #ff0000\">54. Botigues de recanvis?<\/span><br \/>\nNo, perqu\u00e8 no est\u00e0 incl\u00f2s en les excepcions previstes pels locals minoristes<br \/>\n<span style=\"color: #ff0000\">55. Immobili\u00e0ries, notaries i altres similars?<\/span><br \/>\nNo, perqu\u00e8 no est\u00e0 incl\u00f2s en les excepcions previstes<br \/>\n<span style=\"color: #ff0000\">56. Botigues de cigarretes electr\u00f2niques?<\/span><br \/>\nNo, perqu\u00e8 no est\u00e0 incl\u00f2s en les excepcions previstes. S\u00ed poden obrir les botigues de tabacs<br \/>\n<span style=\"color: #ff0000\">57. Botigues de m\u00f2bils?<\/span><br \/>\nS\u00ed, com a excepci\u00f3 prevista pels locals minoristes (equips tecnol\u00f2gics i de telecomunicacions)<br \/>\n<span style=\"color: #ff0000\">58. Locutoris?<\/span><br \/>\nNo perqu\u00e8 no s\u2019inclou en les excepcions d\u2019obligaci\u00f3 de tancament de locals oberts al p\u00fablic<\/div>\n<div style=\"text-align: justify\"><span style=\"color: #ff0000\">59. H\u00edpiques?<\/span><\/div>\n<div style=\"text-align: justify\">No pel que fa a l\u2019obertura al p\u00fablic perqu\u00e8 seria assimilable als hip\u00f2droms. Cal entendre que s\u00ed poden accedir per l\u2019atenci\u00f3 dels animals com a causa de for\u00e7a major i justificable<br \/>\n<span style=\"color: #ff0000\">60. Tallers mec\u00e0nics d\u2019automoci\u00f3?<\/span><br \/>\nS\u00ed, perqu\u00e8 no \u00e9s un local minorista i per tant s\u00ed poden obrir<br \/>\n<span style=\"color: #ff0000\">61. ITV?<\/span><br \/>\nS\u00ed, pel mateix motiu que els tallers<br \/>\n<span style=\"color: #ff0000\">62. Empreses de lloguer de vehicles?<\/span><br \/>\nNo est\u00e0 permesa l\u2019obertura del local comercial perqu\u00e8 t\u00e9 la consideraci\u00f3 activitat comercial minorista. Malgrat tot, l\u2019activitat de lloguer com a tal no est\u00e0 prohibida.<br \/>\n<span style=\"color: #ff0000\">63. Llibreries i quioscos?<\/span><br \/>\nS\u00ed, com a establiments de premsa i papereria (per tant, per la venda de premsa i papereria).<br \/>\n<span style=\"color: #ff0000\">64. Els restaurants poden tancar al p\u00fablic i fer menjars per emportar?<\/span><br \/>\nNom\u00e9s est\u00e0 espec\u00edficament permesa l\u2019entrega a domicili<br \/>\n<span style=\"color: #ff0000\">65. Els establiments d\u2019alimentaci\u00f3 poden vendre menjar preparat?<\/span><br \/>\nNom\u00e9s venda per emportar. En cap cas consumici\u00f3 a l\u2019establiment<br \/>\n<span style=\"color: #ff0000\">66. Els forns de pa poden vendre begudes incl\u00f2s caf\u00e8?<\/span><br \/>\nNom\u00e9s venda per emportar. En cap cas consumici\u00f3 a l\u2019establiment<br \/>\n<span style=\"color: #ff0000\">67. Poden continuar les obres a la via p\u00fablica?<\/span><br \/>\nS\u00ed perqu\u00e8 no \u00e9s una activitat comercial minorista<br \/>\n<span style=\"color: #ff0000\">68. I les protectores d\u2019animals?<\/span><br \/>\nS\u00ed, per\u00f2 no es podr\u00e0 passejar als animals en grups de persones.<br \/>\n<span style=\"color: #ff0000\">69. I el mercat setmanal?<\/span><br \/>\nPot funcionar per\u00f2 nom\u00e9s les parades d\u2019alimentaci\u00f3 i begudes, productes higi\u00e8nics, papereria, equips tecnol\u00f2gics i de telecomunicacions i aliments per animals de companyia.<br \/>\n<span style=\"color: #ff0000\">70. Botigues de begudes?<\/span><br \/>\nS\u00ed<br \/>\n<span style=\"color: #ff0000\">71. Si tanquen els comer\u00e7os minoristes i necessito un producte concret, com el puc aconseguir?<\/span><br \/>\nEst\u00e0 perm\u00e8s el comer\u00e7 per internet, telef\u00f2nic o correspond\u00e8ncia. Per tant, pots fer la comanda per aquests mitjans.<br \/>\n<span style=\"color: #ff0000\">72. Les activitats comercials que tenen fabricaci\u00f3 i venda, poden treballar a porta tancada?<\/span><br \/>\nS\u00ed, per exemple una fusteria que tingui taller propi, pot treballar si est\u00e0 tancada al p\u00fablic.<\/div>\n<div style=\"text-align: justify\">&nbsp;<\/div>\n<div style=\"text-align: justify\"><strong>Altres<\/strong><br \/>\n<span style=\"color: #ff0000\">73. Hi ha un tel\u00e8fon d\u2019informaci\u00f3 centralitzat?<\/span><br \/>\nD\u2019informaci\u00f3 el 012, per simptomatologia el 061. El 112 nom\u00e9s per emerg\u00e8ncies i en cap cas per informaci\u00f3.<br \/>\n<span style=\"color: #ff0000\">74. Qu\u00e8 faig si rebo informaci\u00f3 dels meus contactes a trav\u00e9s del m\u00f2bil?<\/span><br \/>\nContrasta sempre la informaci\u00f3 amb les instruccions i dades de les fonts oficials. No reenvi\u00efs informaci\u00f3 que no sigui de fonts oficials i no hagis comprovat pr\u00e8viament.<br \/>\n<span style=\"color: #ff0000\">75. Estan assegurats els moviments dels serveis d\u2019emerg\u00e8ncia?<\/span><br \/>\nS\u00ed.<br \/>\n<span style=\"color: #ff0000\">76. Qu\u00e8 es considera un servei essencial?<\/span><br \/>\nSeguretat i emerg\u00e8ncies, salut, serveis penitenciaris, serveis socials i residencials, serveis funeraris, electricitat, aigua potable, aig\u00fces residuals, serveis de depuraci\u00f3 d\u2019aig\u00fces, combustibles, gas, telecomunicacions, residus urbans i industrials, residus sanitaris,<br \/>\nsubministraments sanitaris i de farm\u00e0cia, distribuci\u00f3 aliment\u00e0ria humana i per a granges i centres d\u2019animals, animals vius (transport i veterinaris) i escorxadors<br \/>\n<span style=\"color: #ff0000\">77. Quins s\u00f3n els grups de major risc?<\/span><br \/>\nSalut indica que els grups de major risc s\u00f3n les persones d&#8217;edat avan\u00e7ada i les persones amb malalties cr\u00f2niques, com s\u00f3n les cardiovasculars, diabetis, card\u00edaques o pulmonars, o amb problemes al sistema immunol\u00f2gic.<\/div>\n","protected":false},"excerpt":{"rendered":"<p>PREGUNTES SOBRE LES RESTRICCIONS D\u2019ACTIVITATS PEL COVID-19 A CATALUNYA Versi\u00f3 18\/03\/2020 20:00h. 1. Em puc moure dins del meu municipi? La mobilitat es limita a determinades activitats: adquisici\u00f3 d\u2019aliments, productes farmac\u00e8utics de primera necessitat, entitats financeres i assegurances, despla\u00e7ament al lloc de treball, retorn a resid\u00e8ncia habitual, atenci\u00f3 i cura a menors d\u2019edat, gent gran &hellip; <a href=\"https:\/\/bloc.xarxa-omnia.org\/ripoll\/?p=565\" class=\"more-link\">Continua la lectura de <span class=\"screen-reader-text\">FAQ&#8217;s de Protecci\u00f3 Civil, QU\u00c8 PUC FER i QU\u00c8 NO PUC FER?<\/span> <span class=\"meta-nav\">&rarr;<\/span><\/a><\/p>\n","protected":false},"author":195,"featured_media":0,"comment_status":"open","ping_status":"open","sticky":false,"template":"","format":"standard","meta":{"_s2mail":"yes","ngg_post_thumbnail":0,"footnotes":""},"categories":[25],"tags":[],"class_list":["post-565","post","type-post","status-publish","format-standard","hentry","category-general"],"_links":{"self":[{"href":"https:\/\/bloc.xarxa-omnia.org\/ripoll\/index.php?rest_route=\/wp\/v2\/posts\/565","targetHints":{"allow":["GET"]}}],"collection":[{"href":"https:\/\/bloc.xarxa-omnia.org\/ripoll\/index.php?rest_route=\/wp\/v2\/posts"}],"about":[{"href":"https:\/\/bloc.xarxa-omnia.org\/ripoll\/index.php?rest_route=\/wp\/v2\/types\/post"}],"author":[{"embeddable":true,"href":"https:\/\/bloc.xarxa-omnia.org\/ripoll\/index.php?rest_route=\/wp\/v2\/users\/195"}],"replies":[{"embeddable":true,"href":"https:\/\/bloc.xarxa-omnia.org\/ripoll\/index.php?rest_route=%2Fwp%2Fv2%2Fcomments&post=565"}],"version-history":[{"count":4,"href":"https:\/\/bloc.xarxa-omnia.org\/ripoll\/index.php?rest_route=\/wp\/v2\/posts\/565\/revisions"}],"predecessor-version":[{"id":751,"href":"https:\/\/bloc.xarxa-omnia.org\/ripoll\/index.php?rest_route=\/wp\/v2\/posts\/565\/revisions\/751"}],"wp:attachment":[{"href":"https:\/\/bloc.xarxa-omnia.org\/ripoll\/index.php?rest_route=%2Fwp%2Fv2%2Fmedia&parent=565"}],"wp:term":[{"taxonomy":"category","embeddable":true,"href":"https:\/\/bloc.xarxa-omnia.org\/ripoll\/index.php?rest_route=%2Fwp%2Fv2%2Fcategories&post=565"},{"taxonomy":"post_tag","embeddable":true,"href":"https:\/\/bloc.xarxa-omnia.org\/ripoll\/index.php?rest_route=%2Fwp%2Fv2%2Ftags&post=565"}],"curies":[{"name":"wp","href":"https:\/\/api.w.org\/{rel}","templated":true}]}}