{"id":441,"date":"2016-06-15T15:40:55","date_gmt":"2016-06-15T15:40:55","guid":{"rendered":"http:\/\/xarxaomnia.gencat.cat\/blocs\/santllorenc\/?p=441"},"modified":"2016-06-29T16:25:30","modified_gmt":"2016-06-29T16:25:30","slug":"foto-punt-omnia-sant-llorenc-juny-2016","status":"publish","type":"post","link":"https:\/\/bloc.xarxa-omnia.org\/santllorenc\/2016\/06\/15\/foto-punt-omnia-sant-llorenc-juny-2016\/","title":{"rendered":"PUNT OMNIA SANT LLOREN\u00c7  JUNY 2016"},"content":{"rendered":"<p><a href=\"http:\/\/xarxaomnia.gencat.cat\/blocs\/santllorenc\/files\/2016\/06\/Omnier@s-2016-Junio.jpg\" rel=\"attachment wp-att-442\"><img loading=\"lazy\" decoding=\"async\" class=\"alignnone wp-image-442\" src=\"http:\/\/xarxaomnia.gencat.cat\/blocs\/santllorenc\/files\/2016\/06\/Omnier@s-2016-Junio-300x199.jpg\" alt=\"Omnier@s 2016 Junio\" width=\"707\" height=\"469\" srcset=\"https:\/\/bloc.xarxa-omnia.org\/santllorenc\/files\/2016\/06\/Omnier@s-2016-Junio-300x199.jpg 300w, https:\/\/bloc.xarxa-omnia.org\/santllorenc\/files\/2016\/06\/Omnier@s-2016-Junio-768x509.jpg 768w, https:\/\/bloc.xarxa-omnia.org\/santllorenc\/files\/2016\/06\/Omnier@s-2016-Junio-1024x678.jpg 1024w\" sizes=\"auto, (max-width: 707px) 100vw, 707px\" \/><span id=\"transmark\"><\/span><\/a><\/p>\n<p>Per la Festa Major de Sant LLoren\u00e7 del barri de Terrassa vam voler reunir a les persones usu\u00e0ries del Punt Omnia. \u00a0Aqu\u00ed podem veure una part&#8230;&#8230; perqu\u00e8 en realitat som una moooolt gran fam\u00edlia \ud83d\ude42<\/p>\n<p>Vam organitzar un berenar fant\u00e0stic i vam poder gaurdir de la companyia de tothom.<\/p>\n<p>Ens encanta!!! Fem Xarxa i Comunitat!!! Bon estiu als que ja heu acabat cursos i benvinguts al que comen\u00e7areu tallers al juliol.<\/p>\n","protected":false},"excerpt":{"rendered":"<p>Per la Festa Major de Sant LLoren\u00e7 del barri de Terrassa vam voler reunir a les persones usu\u00e0ries del Punt Omnia. \u00a0Aqu\u00ed podem veure una part&#8230;&#8230; perqu\u00e8 en realitat som una moooolt gran fam\u00edlia \ud83d\ude42 Vam organitzar un berenar fant\u00e0stic i vam poder gaurdir de la companyia de tothom. Ens encanta!!! Fem Xarxa i Comunitat!!! [&hellip;]<\/p>\n","protected":false},"author":103,"featured_media":0,"comment_status":"open","ping_status":"open","sticky":false,"template":"","format":"standard","meta":{"ngg_post_thumbnail":0,"footnotes":""},"categories":[1],"tags":[],"class_list":["post-441","post","type-post","status-publish","format-standard","hentry","category-uncategorized"],"_links":{"self":[{"href":"https:\/\/bloc.xarxa-omnia.org\/santllorenc\/wp-json\/wp\/v2\/posts\/441","targetHints":{"allow":["GET"]}}],"collection":[{"href":"https:\/\/bloc.xarxa-omnia.org\/santllorenc\/wp-json\/wp\/v2\/posts"}],"about":[{"href":"https:\/\/bloc.xarxa-omnia.org\/santllorenc\/wp-json\/wp\/v2\/types\/post"}],"author":[{"embeddable":true,"href":"https:\/\/bloc.xarxa-omnia.org\/santllorenc\/wp-json\/wp\/v2\/users\/103"}],"replies":[{"embeddable":true,"href":"https:\/\/bloc.xarxa-omnia.org\/santllorenc\/wp-json\/wp\/v2\/comments?post=441"}],"version-history":[{"count":3,"href":"https:\/\/bloc.xarxa-omnia.org\/santllorenc\/wp-json\/wp\/v2\/posts\/441\/revisions"}],"predecessor-version":[{"id":449,"href":"https:\/\/bloc.xarxa-omnia.org\/santllorenc\/wp-json\/wp\/v2\/posts\/441\/revisions\/449"}],"wp:attachment":[{"href":"https:\/\/bloc.xarxa-omnia.org\/santllorenc\/wp-json\/wp\/v2\/media?parent=441"}],"wp:term":[{"taxonomy":"category","embeddable":true,"href":"https:\/\/bloc.xarxa-omnia.org\/santllorenc\/wp-json\/wp\/v2\/categories?post=441"},{"taxonomy":"post_tag","embeddable":true,"href":"https:\/\/bloc.xarxa-omnia.org\/santllorenc\/wp-json\/wp\/v2\/tags?post=441"}],"curies":[{"name":"wp","href":"https:\/\/api.w.org\/{rel}","templated":true}]}}