{"id":3048,"date":"2010-07-15T10:44:10","date_gmt":"2010-07-15T09:44:10","guid":{"rendered":"http:\/\/santroc.xarxa-omnia.org\/?p=3048"},"modified":"2010-07-15T10:44:10","modified_gmt":"2010-07-15T09:44:10","slug":"video-festa-sant-joan-casal-civic-omnia-sant-roc-coral-cgr-gent-gran-residencia","status":"publish","type":"post","link":"https:\/\/bloc.xarxa-omnia.org\/santroc\/2010\/07\/15\/video-festa-sant-joan-casal-civic-omnia-sant-roc-coral-cgr-gent-gran-residencia\/","title":{"rendered":"V\u00eddeo Festa Sant Joan Casal C\u00edvic \u00d2mnia Sant Roc Coral CGR Gent Gran Resid\u00e8ncia"},"content":{"rendered":"<p>El dilluns 21 de Juny 2010, el Casal C\u00edvic Sant Roc va organitzar una festa Sant Joan i un berenar de fi de curs amb molt \u00e8xit, la sala d&#8217;actes es va quedar sense cadires buides!<br \/>\nEls usuaris del Casal i del Punt \u00d2mnia Sant Roc, aix\u00ed com els participants als tallers, activitats  i programes, van gaudir d&#8217;un concert de la Coral del CGR (Casal Gent Gran Sant Resid\u00e8ncia Sant Roc) i de la festa amb coques gustoses.<br \/>\nV\u00eddeo:<\/p>\n<p>Pascal.<\/p>\n","protected":false},"excerpt":{"rendered":"<p>El dilluns 21 de Juny 2010, el Casal C\u00edvic Sant Roc va organitzar una festa Sant Joan i un berenar de fi de curs amb molt \u00e8xit, la sala d&#8217;actes es va quedar sense cadires buides! Els usuaris del Casal i del Punt \u00d2mnia Sant Roc, aix\u00ed com els participants als tallers, activitats i programes, &#8230; <span class=\"more\"><a class=\"more-link\" href=\"https:\/\/bloc.xarxa-omnia.org\/santroc\/2010\/07\/15\/video-festa-sant-joan-casal-civic-omnia-sant-roc-coral-cgr-gent-gran-residencia\/\">[Read more&#8230;]<\/a><\/span><\/p>\n","protected":false},"author":208,"featured_media":0,"comment_status":"open","ping_status":"open","sticky":false,"template":"","format":"standard","meta":{"footnotes":""},"categories":[5723,36481,36442,36443],"tags":[36807,36866,36867,36899,36920,36923,37363,37731,37765,38265],"class_list":{"0":"entry","1":"post","2":"publish","3":"author-pascalcj","4":"post-3048","6":"format-standard","7":"category-actualitat","8":"category-casalsantroc","9":"category-noticies-omnia-avsr","10":"category-noticies-badalona-sud-santroc","11":"post_tag-casal-civic-sant-roc","12":"post_tag-coca-san-juan","13":"post_tag-coca-sant-joan","14":"post_tag-concurs-coques-sant-joan","15":"post_tag-coral-cgr","16":"post_tag-coral-gent-gran-residencia-sant-roc","17":"post_tag-festa-sant-joan","18":"post_tag-noticia-casal-civic-sant-roc","19":"post_tag-omnia-sant-roc","20":"post_tag-video"},"_links":{"self":[{"href":"https:\/\/bloc.xarxa-omnia.org\/santroc\/wp-json\/wp\/v2\/posts\/3048","targetHints":{"allow":["GET"]}}],"collection":[{"href":"https:\/\/bloc.xarxa-omnia.org\/santroc\/wp-json\/wp\/v2\/posts"}],"about":[{"href":"https:\/\/bloc.xarxa-omnia.org\/santroc\/wp-json\/wp\/v2\/types\/post"}],"author":[{"embeddable":true,"href":"https:\/\/bloc.xarxa-omnia.org\/santroc\/wp-json\/wp\/v2\/users\/208"}],"replies":[{"embeddable":true,"href":"https:\/\/bloc.xarxa-omnia.org\/santroc\/wp-json\/wp\/v2\/comments?post=3048"}],"version-history":[{"count":0,"href":"https:\/\/bloc.xarxa-omnia.org\/santroc\/wp-json\/wp\/v2\/posts\/3048\/revisions"}],"wp:attachment":[{"href":"https:\/\/bloc.xarxa-omnia.org\/santroc\/wp-json\/wp\/v2\/media?parent=3048"}],"wp:term":[{"taxonomy":"category","embeddable":true,"href":"https:\/\/bloc.xarxa-omnia.org\/santroc\/wp-json\/wp\/v2\/categories?post=3048"},{"taxonomy":"post_tag","embeddable":true,"href":"https:\/\/bloc.xarxa-omnia.org\/santroc\/wp-json\/wp\/v2\/tags?post=3048"}],"curies":[{"name":"wp","href":"https:\/\/api.w.org\/{rel}","templated":true}]}}