{"id":8861,"date":"2013-08-05T11:00:35","date_gmt":"2013-08-05T09:00:35","guid":{"rendered":"http:\/\/santroc.xarxa-omnia.org\/?p=8861"},"modified":"2013-08-05T11:00:35","modified_gmt":"2013-08-05T09:00:35","slug":"programacio-cursos-de-catala-setembre-cnl","status":"publish","type":"post","link":"https:\/\/bloc.xarxa-omnia.org\/santroc\/2013\/08\/05\/programacio-cursos-de-catala-setembre-cnl\/","title":{"rendered":"Programaci\u00f3 Cursos de Catal\u00e0 Setembre CNL"},"content":{"rendered":"<p>El CNL de Badalona i Sant Adri\u00e0 (Consorci per a la Normalitzaci\u00f3 Ling\u00fc\u00edstica) ens envia la informaci\u00f3 dels nous cursos per al primer trimestre del curs 2013-2014.<\/p>\n<p><strong>&#8220;Dates d\u2019inscripci\u00f3 general<\/strong> (als cursos que comencen a l&#8217;octubre):<\/p>\n<ul>\n<li>Nivells inicial i b\u00e0sic 1: <strong>a partir del 5 de setembre<\/strong><\/li>\n<li>Nivell superior (D) :<strong> 18 de setembre<\/strong><\/li>\n<li>Resta de nivells (b\u00e0sics, intermedis i sufici\u00e8ncia presencials, semipresencials Parla.cat, complementaris&#8230;):\u00a0 <strong>19 de setembre<\/strong><\/li>\n<\/ul>\n<p>Els  antics alumnes del Centre i les persones que tenen matr\u00edcula  preferent\u00a0tenen <strong>uns dies previs<\/strong> per fer la inscripci\u00f3 i poden consultar  les dates al nostre web (<a href=\"http:\/\/www.cpnl.cat\/badalona\" target=\"_blank\" rel=\"noopener noreferrer\">www.cpnl.cat\/badalona<\/a> o <a href=\"http:\/\/www.cpnl.cat\/santadria\" target=\"_blank\" rel=\"noopener noreferrer\">www.cpnl.cat\/santadria<\/a>) i\u00a0a Facebook (<a href=\"http:\/\/www.facebook.com\/CNLBadalonaSantAdria\" target=\"_blank\" rel=\"noopener noreferrer\">www.facebook.com\/CNLBadalonaSantAdria<\/a>).&#8221;<\/p>\n<p><strong>Horari d\u2019inscripcions<\/strong><\/p>\n<p><span style=\"text-decoration: underline\">Del 5 al 25 de setembre<\/span>:<\/p>\n<ul>\n<li>SLC de Badalona: de dilluns a dijous de 10 a 19 h ininterrompudament; divendres de 10 a 14 h<\/li>\n<li> SLC de Sant Adri\u00e0 de Bes\u00f2s: de dilluns a divendres de 10 a 14 h<\/li>\n<\/ul>\n<p>Els dies 9 i 10 de setembre no hi haur\u00e0 inscripcions.<\/p>\n<p><span style=\"text-decoration: underline\">A\u00a0 partir del 26 de setembre<\/span> l\u2019horari d\u2019inscripcions torna a ser l\u2019habitual de cada SLC.<\/p>\n<p><strong>Adreces:<\/strong><\/p>\n<p>SLC BADALONA: Av. d\u2019Alfons XIII, 14-16, entres\u00f2l 1a. Badalona. Tel. 93 398 46 30<\/p>\n<p>SLC SANT ADRI\u00c0: Pl. de Guillermo Vida\u00f1a, s\/n.\u00a0 (edifici Polidor). Tel. 93 381 20 05<\/p>\n","protected":false},"excerpt":{"rendered":"<p>El CNL de Badalona i Sant Adri\u00e0 (Consorci per a la Normalitzaci\u00f3 Ling\u00fc\u00edstica) ens envia la informaci\u00f3 dels nous cursos per al primer trimestre del curs 2013-2014. &#8220;Dates d\u2019inscripci\u00f3 general (als cursos que comencen a l&#8217;octubre): Nivells inicial i b\u00e0sic 1: a partir del 5 de setembre Nivell superior (D) : 18 de setembre Resta &#8230; <span class=\"more\"><a class=\"more-link\" href=\"https:\/\/bloc.xarxa-omnia.org\/santroc\/2013\/08\/05\/programacio-cursos-de-catala-setembre-cnl\/\">[Read more&#8230;]<\/a><\/span><\/p>\n","protected":false},"author":208,"featured_media":0,"comment_status":"open","ping_status":"open","sticky":false,"template":"","format":"standard","meta":{"footnotes":""},"categories":[5723,36443],"tags":[36863,36994,36995],"class_list":{"0":"entry","1":"post","2":"publish","3":"author-pascalcj","4":"post-8861","6":"format-standard","7":"category-actualitat","8":"category-noticies-badalona-sud-santroc","9":"post_tag-cnl","10":"post_tag-cursos-catala-badalona","11":"post_tag-cursos-catala-cnl"},"_links":{"self":[{"href":"https:\/\/bloc.xarxa-omnia.org\/santroc\/wp-json\/wp\/v2\/posts\/8861","targetHints":{"allow":["GET"]}}],"collection":[{"href":"https:\/\/bloc.xarxa-omnia.org\/santroc\/wp-json\/wp\/v2\/posts"}],"about":[{"href":"https:\/\/bloc.xarxa-omnia.org\/santroc\/wp-json\/wp\/v2\/types\/post"}],"author":[{"embeddable":true,"href":"https:\/\/bloc.xarxa-omnia.org\/santroc\/wp-json\/wp\/v2\/users\/208"}],"replies":[{"embeddable":true,"href":"https:\/\/bloc.xarxa-omnia.org\/santroc\/wp-json\/wp\/v2\/comments?post=8861"}],"version-history":[{"count":0,"href":"https:\/\/bloc.xarxa-omnia.org\/santroc\/wp-json\/wp\/v2\/posts\/8861\/revisions"}],"wp:attachment":[{"href":"https:\/\/bloc.xarxa-omnia.org\/santroc\/wp-json\/wp\/v2\/media?parent=8861"}],"wp:term":[{"taxonomy":"category","embeddable":true,"href":"https:\/\/bloc.xarxa-omnia.org\/santroc\/wp-json\/wp\/v2\/categories?post=8861"},{"taxonomy":"post_tag","embeddable":true,"href":"https:\/\/bloc.xarxa-omnia.org\/santroc\/wp-json\/wp\/v2\/tags?post=8861"}],"curies":[{"name":"wp","href":"https:\/\/api.w.org\/{rel}","templated":true}]}}