{"id":9283,"date":"2013-11-29T19:50:45","date_gmt":"2013-11-29T18:50:45","guid":{"rendered":"http:\/\/santroc.xarxa-omnia.org\/?p=9283"},"modified":"2013-11-29T19:50:45","modified_gmt":"2013-11-29T18:50:45","slug":"dia-diversidad-funcional-3-diciembre-2013","status":"publish","type":"post","link":"https:\/\/bloc.xarxa-omnia.org\/santroc\/2013\/11\/29\/dia-diversidad-funcional-3-diciembre-2013\/","title":{"rendered":"Dia Diversidad Funcional 3 diciembre 2013"},"content":{"rendered":"<p>Al Punt \u00d2mnia Sant Roc, els usuaris van mobilitzar les seves energies i voluntat per crear postals i celebrar el <strong>Dia Diversitat Funcional<\/strong> que es celebra el <strong>3 desembre 2013<\/strong>.<br \/>\nGaleria: Prem sobre la miniatura i omple teu correu@ i el del destinatari@. (La suma, tamb\u00e9).<\/p>\n<p>Al \u00d2mnia Sant Roc, los usuarios movilizaron sus energ\u00edas y voluntad para crear postales y celebrar el d\u00eda de la <strong>Diversidad Funcional que se celebra el 3 diciembre 2013<\/strong>.<br \/>\nGaler\u00eda: Pulsa sobre la miniatura y llena tuyo corre@ y el del destinatari@. (La suma, tambi\u00e9n)<\/p>\n<p>[nggallery id=62] <\/p>\n","protected":false},"excerpt":{"rendered":"<p>Al Punt \u00d2mnia Sant Roc, els usuaris van mobilitzar les seves energies i voluntat per crear postals i celebrar el Dia Diversitat Funcional que es celebra el 3 desembre 2013. Galeria: Prem sobre la miniatura i omple teu correu@ i el del destinatari@. (La suma, tamb\u00e9). Al \u00d2mnia Sant Roc, los usuarios movilizaron sus energ\u00edas &#8230; <span class=\"more\"><a class=\"more-link\" href=\"https:\/\/bloc.xarxa-omnia.org\/santroc\/2013\/11\/29\/dia-diversidad-funcional-3-diciembre-2013\/\">[Read more&#8230;]<\/a><\/span><\/p>\n","protected":false},"author":208,"featured_media":0,"comment_status":"open","ping_status":"open","sticky":false,"template":"","format":"standard","meta":{"footnotes":""},"categories":[5723,36442,36443],"tags":[36573,37058,37059,37064],"class_list":{"0":"entry","1":"post","2":"publish","3":"author-pascalcj","4":"post-9283","6":"format-standard","7":"category-actualitat","8":"category-noticies-omnia-avsr","9":"category-noticies-badalona-sud-santroc","10":"post_tag-3-diciembre","11":"post_tag-dia-discapacidad","12":"post_tag-dia-discapacidad-diversidad","13":"post_tag-dia-diversidad-funcional"},"_links":{"self":[{"href":"https:\/\/bloc.xarxa-omnia.org\/santroc\/wp-json\/wp\/v2\/posts\/9283","targetHints":{"allow":["GET"]}}],"collection":[{"href":"https:\/\/bloc.xarxa-omnia.org\/santroc\/wp-json\/wp\/v2\/posts"}],"about":[{"href":"https:\/\/bloc.xarxa-omnia.org\/santroc\/wp-json\/wp\/v2\/types\/post"}],"author":[{"embeddable":true,"href":"https:\/\/bloc.xarxa-omnia.org\/santroc\/wp-json\/wp\/v2\/users\/208"}],"replies":[{"embeddable":true,"href":"https:\/\/bloc.xarxa-omnia.org\/santroc\/wp-json\/wp\/v2\/comments?post=9283"}],"version-history":[{"count":0,"href":"https:\/\/bloc.xarxa-omnia.org\/santroc\/wp-json\/wp\/v2\/posts\/9283\/revisions"}],"wp:attachment":[{"href":"https:\/\/bloc.xarxa-omnia.org\/santroc\/wp-json\/wp\/v2\/media?parent=9283"}],"wp:term":[{"taxonomy":"category","embeddable":true,"href":"https:\/\/bloc.xarxa-omnia.org\/santroc\/wp-json\/wp\/v2\/categories?post=9283"},{"taxonomy":"post_tag","embeddable":true,"href":"https:\/\/bloc.xarxa-omnia.org\/santroc\/wp-json\/wp\/v2\/tags?post=9283"}],"curies":[{"name":"wp","href":"https:\/\/api.w.org\/{rel}","templated":true}]}}