{"id":127,"date":"2017-11-16T11:33:13","date_gmt":"2017-11-16T08:33:13","guid":{"rendered":"http:\/\/xarxaomnia.gencat.cat\/blocs\/torrelles\/?p=127"},"modified":"2017-11-16T11:33:13","modified_gmt":"2017-11-16T08:33:13","slug":"25ntorrelles","status":"publish","type":"post","link":"https:\/\/bloc.xarxa-omnia.org\/torrelles\/2017\/11\/16\/25ntorrelles\/","title":{"rendered":"#25NTorrelles"},"content":{"rendered":"<p>Coincidint amb la celebraci\u00f3 de la Festa Major de Sant Mart\u00ed, s&#8217;ha presentat una campanya per commemorar el Dia internacional per a l&#8217;eliminaci\u00f3 de la viol\u00e8ncia<span class=\"text_exposed_show\"> contra les dones.<\/span><\/p>\n<div class=\"text_exposed_show\">\n<p>Si ets home, nom\u00e9s has de fer-te una selfie amb aquest cartell i penjar-lo a les xarxes socials amb el hashtag <a class=\"_58cn\" href=\"https:\/\/www.facebook.com\/hashtag\/25ntorrelles?source=feed_text&amp;story_id=1993179300964149\"><span class=\"_5afx\"><span class=\"_58cl _5afz\">#<\/span><span class=\"_58cm\">25NTorrelles<\/span><\/span><\/a>. Tamb\u00e9 ens pots enviar la imatge a torrelles@xarxaomnia.gencat.cat i podr\u00e0s sortir en el cartell solidari que es publicar\u00e0 amb motiu del 25N.<\/p>\n<p><a href=\"http:\/\/xarxaomnia.gencat.cat\/blocs\/torrelles\/files\/2017\/11\/25NTorrelles.png\" rel=\"attachment wp-att-128\"><img loading=\"lazy\" decoding=\"async\" class=\"alignnone size-large wp-image-128\" src=\"http:\/\/xarxaomnia.gencat.cat\/blocs\/torrelles\/files\/2017\/11\/25NTorrelles-724x1024.png\" alt=\"25NTorrelles\" width=\"584\" height=\"826\" srcset=\"https:\/\/bloc.xarxa-omnia.org\/torrelles\/files\/2017\/11\/25NTorrelles-724x1024.png 724w, https:\/\/bloc.xarxa-omnia.org\/torrelles\/files\/2017\/11\/25NTorrelles-212x300.png 212w, https:\/\/bloc.xarxa-omnia.org\/torrelles\/files\/2017\/11\/25NTorrelles-768x1086.png 768w, https:\/\/bloc.xarxa-omnia.org\/torrelles\/files\/2017\/11\/25NTorrelles.png 1754w\" sizes=\"auto, (max-width: 584px) 100vw, 584px\" \/><\/a><\/p>\n<\/div>\n","protected":false},"excerpt":{"rendered":"<p>Coincidint amb la celebraci\u00f3 de la Festa Major de Sant Mart\u00ed, s&#8217;ha presentat una campanya per commemorar el Dia internacional per a l&#8217;eliminaci\u00f3 de la viol\u00e8ncia contra les dones. Si ets home, nom\u00e9s has de fer-te una selfie amb aquest &hellip; <a href=\"https:\/\/bloc.xarxa-omnia.org\/torrelles\/2017\/11\/16\/25ntorrelles\/\">Continua llegint <span class=\"meta-nav\">&rarr;<\/span><\/a><\/p>\n","protected":false},"author":175,"featured_media":0,"comment_status":"open","ping_status":"open","sticky":false,"template":"","format":"standard","meta":{"footnotes":""},"categories":[1],"tags":[],"class_list":["post-127","post","type-post","status-publish","format-standard","hentry","category-uncategorized"],"_links":{"self":[{"href":"https:\/\/bloc.xarxa-omnia.org\/torrelles\/wp-json\/wp\/v2\/posts\/127","targetHints":{"allow":["GET"]}}],"collection":[{"href":"https:\/\/bloc.xarxa-omnia.org\/torrelles\/wp-json\/wp\/v2\/posts"}],"about":[{"href":"https:\/\/bloc.xarxa-omnia.org\/torrelles\/wp-json\/wp\/v2\/types\/post"}],"author":[{"embeddable":true,"href":"https:\/\/bloc.xarxa-omnia.org\/torrelles\/wp-json\/wp\/v2\/users\/175"}],"replies":[{"embeddable":true,"href":"https:\/\/bloc.xarxa-omnia.org\/torrelles\/wp-json\/wp\/v2\/comments?post=127"}],"version-history":[{"count":1,"href":"https:\/\/bloc.xarxa-omnia.org\/torrelles\/wp-json\/wp\/v2\/posts\/127\/revisions"}],"predecessor-version":[{"id":129,"href":"https:\/\/bloc.xarxa-omnia.org\/torrelles\/wp-json\/wp\/v2\/posts\/127\/revisions\/129"}],"wp:attachment":[{"href":"https:\/\/bloc.xarxa-omnia.org\/torrelles\/wp-json\/wp\/v2\/media?parent=127"}],"wp:term":[{"taxonomy":"category","embeddable":true,"href":"https:\/\/bloc.xarxa-omnia.org\/torrelles\/wp-json\/wp\/v2\/categories?post=127"},{"taxonomy":"post_tag","embeddable":true,"href":"https:\/\/bloc.xarxa-omnia.org\/torrelles\/wp-json\/wp\/v2\/tags?post=127"}],"curies":[{"name":"wp","href":"https:\/\/api.w.org\/{rel}","templated":true}]}}