{"id":244,"date":"2019-05-31T10:45:48","date_gmt":"2019-05-31T07:45:48","guid":{"rendered":"http:\/\/xarxaomnia.gencat.cat\/blocs\/torrelles\/?p=244"},"modified":"2019-05-30T13:12:23","modified_gmt":"2019-05-30T10:12:23","slug":"pre-inscripcio-tecnoestiu","status":"publish","type":"post","link":"https:\/\/bloc.xarxa-omnia.org\/torrelles\/2019\/05\/31\/pre-inscripcio-tecnoestiu\/","title":{"rendered":"Pre-inscripci\u00f3 TECNOESTIU"},"content":{"rendered":"<p><a href=\"http:\/\/xarxaomnia.gencat.cat\/blocs\/torrelles\/files\/2019\/05\/TECNOESTIU-1.png\" rel=\"attachment wp-att-233\"><img loading=\"lazy\" decoding=\"async\" class=\"alignnone size-full wp-image-233\" src=\"http:\/\/xarxaomnia.gencat.cat\/blocs\/torrelles\/files\/2019\/05\/TECNOESTIU-1.png\" alt=\"TECNOESTIU (1)\" width=\"820\" height=\"312\" srcset=\"https:\/\/bloc.xarxa-omnia.org\/torrelles\/files\/2019\/05\/TECNOESTIU-1.png 820w, https:\/\/bloc.xarxa-omnia.org\/torrelles\/files\/2019\/05\/TECNOESTIU-1-300x114.png 300w, https:\/\/bloc.xarxa-omnia.org\/torrelles\/files\/2019\/05\/TECNOESTIU-1-768x292.png 768w, https:\/\/bloc.xarxa-omnia.org\/torrelles\/files\/2019\/05\/TECNOESTIU-1-500x190.png 500w\" sizes=\"auto, (max-width: 820px) 100vw, 820px\" \/><\/a><\/p>\n<p>A continuaci\u00f3 trobareu tota la informaci\u00f3 relativa a l&#8217;activitat <strong>TECNOESTIU<\/strong> per aquest <strong>Juliol de 2019<\/strong><\/p>\n<p><a href=\"http:\/\/xarxaomnia.gencat.cat\/blocs\/torrelles\/files\/2019\/05\/Reuni\u00f3-TECNOESTIU.pdf\">Document d&#8217;informaci\u00f3 de la reuni\u00f3 de pares 2019<\/a><\/p>\n<p>El per\u00edode de pre-inscripcions s&#8217;obrir\u00e0 el proper <strong>31 de maig a les 12:00h.<br \/>\n<\/strong>Recordeu que s\u00f3n places limitades i s&#8217;adjudicaran per ordre d&#8217;inscripci\u00f3.<\/p>\n<h2><a href=\"https:\/\/forms.gle\/PybSioSNgm944zZj9\">ENLLA\u00c7 PER FER LA PRE-INSCRIPCI\u00d3<\/a><\/h2>\n","protected":false},"excerpt":{"rendered":"<p>A continuaci\u00f3 trobareu tota la informaci\u00f3 relativa a l&#8217;activitat TECNOESTIU per aquest Juliol de 2019 Document d&#8217;informaci\u00f3 de la reuni\u00f3 de pares 2019 El per\u00edode de pre-inscripcions s&#8217;obrir\u00e0 el proper 31 de maig a les 12:00h. Recordeu que s\u00f3n places &hellip; <a href=\"https:\/\/bloc.xarxa-omnia.org\/torrelles\/2019\/05\/31\/pre-inscripcio-tecnoestiu\/\">Continua llegint <span class=\"meta-nav\">&rarr;<\/span><\/a><\/p>\n","protected":false},"author":175,"featured_media":0,"comment_status":"open","ping_status":"open","sticky":false,"template":"","format":"video","meta":{"footnotes":""},"categories":[1],"tags":[],"class_list":["post-244","post","type-post","status-publish","format-video","hentry","category-uncategorized","post_format-post-format-video"],"_links":{"self":[{"href":"https:\/\/bloc.xarxa-omnia.org\/torrelles\/wp-json\/wp\/v2\/posts\/244","targetHints":{"allow":["GET"]}}],"collection":[{"href":"https:\/\/bloc.xarxa-omnia.org\/torrelles\/wp-json\/wp\/v2\/posts"}],"about":[{"href":"https:\/\/bloc.xarxa-omnia.org\/torrelles\/wp-json\/wp\/v2\/types\/post"}],"author":[{"embeddable":true,"href":"https:\/\/bloc.xarxa-omnia.org\/torrelles\/wp-json\/wp\/v2\/users\/175"}],"replies":[{"embeddable":true,"href":"https:\/\/bloc.xarxa-omnia.org\/torrelles\/wp-json\/wp\/v2\/comments?post=244"}],"version-history":[{"count":1,"href":"https:\/\/bloc.xarxa-omnia.org\/torrelles\/wp-json\/wp\/v2\/posts\/244\/revisions"}],"predecessor-version":[{"id":245,"href":"https:\/\/bloc.xarxa-omnia.org\/torrelles\/wp-json\/wp\/v2\/posts\/244\/revisions\/245"}],"wp:attachment":[{"href":"https:\/\/bloc.xarxa-omnia.org\/torrelles\/wp-json\/wp\/v2\/media?parent=244"}],"wp:term":[{"taxonomy":"category","embeddable":true,"href":"https:\/\/bloc.xarxa-omnia.org\/torrelles\/wp-json\/wp\/v2\/categories?post=244"},{"taxonomy":"post_tag","embeddable":true,"href":"https:\/\/bloc.xarxa-omnia.org\/torrelles\/wp-json\/wp\/v2\/tags?post=244"}],"curies":[{"name":"wp","href":"https:\/\/api.w.org\/{rel}","templated":true}]}}