{"id":68,"date":"2017-03-08T11:17:54","date_gmt":"2017-03-08T08:17:54","guid":{"rendered":"http:\/\/xarxaomnia.gencat.cat\/blocs\/torrelles\/?p=68"},"modified":"2017-03-10T11:19:06","modified_gmt":"2017-03-10T08:19:06","slug":"diadeladona","status":"publish","type":"post","link":"https:\/\/bloc.xarxa-omnia.org\/torrelles\/2017\/03\/08\/diadeladona\/","title":{"rendered":"#DiaDeLaDona"},"content":{"rendered":"<p><span id=\"fbPhotoSnowliftCaption\" class=\"fbPhotosPhotoCaption\"><span class=\"hasCaption\">Avui i cada dia, feli\u00e7 lluita a totes les dones i homes que treballem per la plena igualtat. <a class=\"_58cn\" href=\"https:\/\/www.facebook.com\/hashtag\/diadeladona\">#Diadeladona<\/a> <a class=\"_58cn\" href=\"https:\/\/www.facebook.com\/hashtag\/8demar%C3%A7\">#8demar\u00e7<\/a> <a class=\"_58cn\" href=\"https:\/\/www.facebook.com\/hashtag\/xarxa%C3%B2mnia\">#Xarxa\u00d2mnia<\/a> <a class=\"_58cn\" href=\"https:\/\/www.facebook.com\/hashtag\/perunm%C3%B3nm%C3%A9sigualitari\">#Perunm\u00f3nm\u00e9sigualitari<\/a><\/span><\/span><\/p>\n<div id=\"fbPhotoSnowliftProductsTagList\" class=\"pts fbPhotoProductsTagList\">\u00a0<a href=\"http:\/\/xarxaomnia.gencat.cat\/blocs\/torrelles\/files\/2017\/03\/diadeladona.jpg\" rel=\"attachment wp-att-69\"><img loading=\"lazy\" decoding=\"async\" class=\"alignnone size-large wp-image-69\" src=\"http:\/\/xarxaomnia.gencat.cat\/blocs\/torrelles\/files\/2017\/03\/diadeladona-1024x565.jpg\" alt=\"diadeladona\" width=\"584\" height=\"322\" srcset=\"https:\/\/bloc.xarxa-omnia.org\/torrelles\/files\/2017\/03\/diadeladona-1024x565.jpg 1024w, https:\/\/bloc.xarxa-omnia.org\/torrelles\/files\/2017\/03\/diadeladona-300x165.jpg 300w, https:\/\/bloc.xarxa-omnia.org\/torrelles\/files\/2017\/03\/diadeladona-768x424.jpg 768w, https:\/\/bloc.xarxa-omnia.org\/torrelles\/files\/2017\/03\/diadeladona-500x276.jpg 500w\" sizes=\"auto, (max-width: 584px) 100vw, 584px\" \/><\/a><\/div>\n","protected":false},"excerpt":{"rendered":"<p>Avui i cada dia, feli\u00e7 lluita a totes les dones i homes que treballem per la plena igualtat. #Diadeladona #8demar\u00e7 #Xarxa\u00d2mnia #Perunm\u00f3nm\u00e9sigualitari \u00a0<\/p>\n","protected":false},"author":175,"featured_media":0,"comment_status":"open","ping_status":"open","sticky":false,"template":"","format":"standard","meta":{"footnotes":""},"categories":[1],"tags":[],"class_list":["post-68","post","type-post","status-publish","format-standard","hentry","category-uncategorized"],"_links":{"self":[{"href":"https:\/\/bloc.xarxa-omnia.org\/torrelles\/wp-json\/wp\/v2\/posts\/68","targetHints":{"allow":["GET"]}}],"collection":[{"href":"https:\/\/bloc.xarxa-omnia.org\/torrelles\/wp-json\/wp\/v2\/posts"}],"about":[{"href":"https:\/\/bloc.xarxa-omnia.org\/torrelles\/wp-json\/wp\/v2\/types\/post"}],"author":[{"embeddable":true,"href":"https:\/\/bloc.xarxa-omnia.org\/torrelles\/wp-json\/wp\/v2\/users\/175"}],"replies":[{"embeddable":true,"href":"https:\/\/bloc.xarxa-omnia.org\/torrelles\/wp-json\/wp\/v2\/comments?post=68"}],"version-history":[{"count":1,"href":"https:\/\/bloc.xarxa-omnia.org\/torrelles\/wp-json\/wp\/v2\/posts\/68\/revisions"}],"predecessor-version":[{"id":70,"href":"https:\/\/bloc.xarxa-omnia.org\/torrelles\/wp-json\/wp\/v2\/posts\/68\/revisions\/70"}],"wp:attachment":[{"href":"https:\/\/bloc.xarxa-omnia.org\/torrelles\/wp-json\/wp\/v2\/media?parent=68"}],"wp:term":[{"taxonomy":"category","embeddable":true,"href":"https:\/\/bloc.xarxa-omnia.org\/torrelles\/wp-json\/wp\/v2\/categories?post=68"},{"taxonomy":"post_tag","embeddable":true,"href":"https:\/\/bloc.xarxa-omnia.org\/torrelles\/wp-json\/wp\/v2\/tags?post=68"}],"curies":[{"name":"wp","href":"https:\/\/api.w.org\/{rel}","templated":true}]}}