{"id":1068,"date":"2016-11-16T12:01:12","date_gmt":"2016-11-16T12:01:12","guid":{"rendered":"http:\/\/xarxaomnia.gencat.cat\/blocs\/tortosa\/?p=1068"},"modified":"2016-11-16T12:01:12","modified_gmt":"2016-11-16T12:01:12","slug":"taller-de-formacio-de-telefons-intel%c2%b7ligents","status":"publish","type":"post","link":"https:\/\/bloc.xarxa-omnia.org\/tortosa\/2016\/11\/16\/taller-de-formacio-de-telefons-intel%c2%b7ligents\/","title":{"rendered":"TALLER DE FORMACI\u00d3 DE TEL\u00c8FONS INTEL\u00b7LIGENTS"},"content":{"rendered":"<p>Gr\u00e0cies al taller de formaci\u00f3 de tel\u00e8fons intel\u00b7ligents que hem realitzat aquest mes de novembre al Punt \u00d2mnia Tortosa, dinamitzat per una professional de la <a class=\"profileLink\" href=\"https:\/\/www.facebook.com\/FundPereTarres\/\">Fundaci\u00f3 Pere Tarr\u00e9s<\/a> i en col\u00b7laboraci\u00f3 amb <a class=\"profileLink\" href=\"https:\/\/www.facebook.com\/fundacionvodafone\/\">Fundaci\u00f3n Vodafone Espa\u00f1a<\/a>, hem sigut <a href=\"http:\/\/xarxaomnia.gencat.cat\/noticies\/taller-de-formaci-de-tel-fons-intel-ligents-smartphones-al-punt-mnia-de-tortosa\" target=\"_blank\"><strong><span style=\"color: #3366ff\">not\u00edcia<\/span><\/strong><\/a> a la Xarxa \u00d2mnia!<\/p>\n<p>No us la podeu perdre!! <span class=\"_47e3 _5mfr\" title=\"Emoticono smile\"><img loading=\"lazy\" decoding=\"async\" class=\"img\" src=\"https:\/\/www.facebook.com\/images\/emoji.php\/v5\/f4c\/1\/16\/1f642.png\" alt=\"\" width=\"16\" height=\"16\" \/><\/span><\/p>\n<p><img loading=\"lazy\" decoding=\"async\" class=\"size-full wp-image-1070 aligncenter\" src=\"http:\/\/xarxaomnia.gencat.cat\/blocs\/tortosa\/files\/2016\/11\/2.jpg\" alt=\"2\" width=\"497\" height=\"280\" srcset=\"https:\/\/bloc.xarxa-omnia.org\/tortosa\/files\/2016\/11\/2.jpg 497w, https:\/\/bloc.xarxa-omnia.org\/tortosa\/files\/2016\/11\/2-300x169.jpg 300w\" sizes=\"auto, (max-width: 497px) 100vw, 497px\" \/><\/p>\n<p><img loading=\"lazy\" decoding=\"async\" class=\"size-full wp-image-1069 aligncenter\" src=\"http:\/\/xarxaomnia.gencat.cat\/blocs\/tortosa\/files\/2016\/11\/1.jpg\" alt=\"1\" width=\"497\" height=\"280\" srcset=\"https:\/\/bloc.xarxa-omnia.org\/tortosa\/files\/2016\/11\/1.jpg 497w, https:\/\/bloc.xarxa-omnia.org\/tortosa\/files\/2016\/11\/1-300x169.jpg 300w\" sizes=\"auto, (max-width: 497px) 100vw, 497px\" \/><\/p>\n<p>&nbsp;<\/p>\n","protected":false},"excerpt":{"rendered":"<p>Gr\u00e0cies al taller de formaci\u00f3 de tel\u00e8fons intel\u00b7ligents que hem realitzat aquest mes de novembre al Punt \u00d2mnia Tortosa, dinamitzat per una professional de la Fundaci\u00f3 Pere Tarr\u00e9s i en col\u00b7laboraci\u00f3 amb Fundaci\u00f3n Vodafone Espa\u00f1a, hem sigut not\u00edcia a la Xarxa \u00d2mnia! No us la podeu perdre!! &nbsp;<\/p>\n","protected":false},"author":179,"featured_media":0,"comment_status":"open","ping_status":"open","sticky":false,"template":"","format":"standard","meta":{"footnotes":""},"categories":[347],"tags":[],"class_list":{"0":"post-1068","1":"post","2":"type-post","3":"status-publish","4":"format-standard","6":"category-blog","7":"czr-hentry"},"_links":{"self":[{"href":"https:\/\/bloc.xarxa-omnia.org\/tortosa\/wp-json\/wp\/v2\/posts\/1068","targetHints":{"allow":["GET"]}}],"collection":[{"href":"https:\/\/bloc.xarxa-omnia.org\/tortosa\/wp-json\/wp\/v2\/posts"}],"about":[{"href":"https:\/\/bloc.xarxa-omnia.org\/tortosa\/wp-json\/wp\/v2\/types\/post"}],"author":[{"embeddable":true,"href":"https:\/\/bloc.xarxa-omnia.org\/tortosa\/wp-json\/wp\/v2\/users\/179"}],"replies":[{"embeddable":true,"href":"https:\/\/bloc.xarxa-omnia.org\/tortosa\/wp-json\/wp\/v2\/comments?post=1068"}],"version-history":[{"count":1,"href":"https:\/\/bloc.xarxa-omnia.org\/tortosa\/wp-json\/wp\/v2\/posts\/1068\/revisions"}],"predecessor-version":[{"id":1071,"href":"https:\/\/bloc.xarxa-omnia.org\/tortosa\/wp-json\/wp\/v2\/posts\/1068\/revisions\/1071"}],"wp:attachment":[{"href":"https:\/\/bloc.xarxa-omnia.org\/tortosa\/wp-json\/wp\/v2\/media?parent=1068"}],"wp:term":[{"taxonomy":"category","embeddable":true,"href":"https:\/\/bloc.xarxa-omnia.org\/tortosa\/wp-json\/wp\/v2\/categories?post=1068"},{"taxonomy":"post_tag","embeddable":true,"href":"https:\/\/bloc.xarxa-omnia.org\/tortosa\/wp-json\/wp\/v2\/tags?post=1068"}],"curies":[{"name":"wp","href":"https:\/\/api.w.org\/{rel}","templated":true}]}}