{"id":14,"date":"2015-07-29T10:08:00","date_gmt":"2015-07-29T10:08:00","guid":{"rendered":""},"modified":"2016-03-15T18:17:22","modified_gmt":"2016-03-15T18:17:22","slug":"el-punt-omnia-tortosa-tanca-per-vacances-tot-el-mes-dagost","status":"publish","type":"post","link":"https:\/\/bloc.xarxa-omnia.org\/tortosa\/2015\/07\/29\/el-punt-omnia-tortosa-tanca-per-vacances-tot-el-mes-dagost\/","title":{"rendered":"El Punt \u00d2mnia Tortosa, tanca per vacances tot el mes d&#8217;agost."},"content":{"rendered":"<div style=\"clear: both; text-align: center;\"><\/div>\n<div style=\"background-color: white; line-height: 18px; text-align: justify;\">\n<div style=\"clear: both; text-align: center;\"><a style=\"clear: left; float: left; margin-bottom: 1em; margin-right: 1em;\" href=\"http:\/\/xarxaomnia.gencat.cat\/blocs\/tortosa\/files\/2015\/07\/estiupc.jpg\"><img loading=\"lazy\" decoding=\"async\" src=\"http:\/\/xarxaomnia.gencat.cat\/blocs\/tortosa\/files\/2015\/07\/estiupc.jpg\" alt=\"\" width=\"320\" height=\"245\" border=\"0\" \/><\/a><\/div>\n<p><span style=\"font-family: Arial, Helvetica, sans-serif;\">Acabades les activitats d&#8217;estiu del mes de juliol, el\u00a0<b>Punt \u00d2mnia Tortosa<\/b>\u00a0marxa de vacances i tancar\u00e0 durant tot el mes d&#8217;agost.<\/span><br \/>\n<span style=\"font-family: Arial, Helvetica, sans-serif;\"><br \/>\n<\/span><span style=\"font-family: Arial, Helvetica, sans-serif;\">Reprendrem l&#8217;activitat al mes de setembre on continuarem els espais de formaci\u00f3 continuada per facilitar l&#8217;acc\u00e9s a les noves tecnologies a joves, adults i grans, amb una gran diversitat d&#8217;activitats com s\u00f3n l&#8217;espai d&#8217;<b>Inserci\u00f3 Social i Laboral<\/b>, l&#8217;<b>Aula TIC Jove<\/b>, l&#8217;espai de la <b>Gent Gran Digital<\/b> aix\u00ed com tamb\u00e9 tots els tallers que oferta habitualment el Punt \u00d2mnia.\u00a0<\/span><br \/>\n<span style=\"font-family: Arial, Helvetica, sans-serif;\"><br \/>\n<\/span><span style=\"font-family: Arial, Helvetica, sans-serif;\"><br \/>\n<\/span><span style=\"font-family: Arial, Helvetica, sans-serif;\">Com sempre, us informarem detingudament des d&#8217;aquest bloc.<\/span><\/div>\n<div style=\"background-color: white; line-height: 18px; text-align: justify;\"><span style=\"font-family: Arial, Helvetica, sans-serif;\">\u00a0<\/span><\/div>\n<div style=\"background-color: white; line-height: 18px; text-align: justify;\"><span style=\"font-family: Arial, Helvetica, sans-serif;\">El Punt \u00d2mnia Tortosa obrir\u00e0 les seves portes el dia <b>1 de setembre<\/b>\u00a0i reprendr\u00e0 les activitats i els tallers formatius el dia\u00a0<b>16 de setembre<\/b>.\u00a0<\/span><\/div>\n<div style=\"background-color: white; line-height: 18px; text-align: justify;\"><span style=\"font-family: Arial, Helvetica, sans-serif;\">\u00a0<\/span><\/div>\n<div style=\"background-color: white; line-height: 18px; text-align: justify;\"><span style=\"font-family: Arial, Helvetica, sans-serif;\">Gaudiu d\u2019un bon estiu i fins setembre !!!<\/span><\/div>\n","protected":false},"excerpt":{"rendered":"<p>Acabades les activitats d&#8217;estiu del mes de juliol, el\u00a0Punt \u00d2mnia Tortosa\u00a0marxa de vacances i tancar\u00e0 durant tot el mes d&#8217;agost. Reprendrem l&#8217;activitat al mes de setembre on continuarem els espais de formaci\u00f3 continuada per facilitar l&#8217;acc\u00e9s a les noves tecnologies a joves, adults i grans, amb una gran diversitat d&#8217;activitats com s\u00f3n l&#8217;espai d&#8217;Inserci\u00f3 Social [&hellip;]<\/p>\n","protected":false},"author":1,"featured_media":400,"comment_status":"open","ping_status":"open","sticky":false,"template":"","format":"standard","meta":{"footnotes":""},"categories":[347,411],"tags":[],"class_list":{"0":"post-14","1":"post","2":"type-post","3":"status-publish","4":"format-standard","5":"has-post-thumbnail","7":"category-blog","8":"category-noticies","9":"czr-hentry"},"_links":{"self":[{"href":"https:\/\/bloc.xarxa-omnia.org\/tortosa\/wp-json\/wp\/v2\/posts\/14","targetHints":{"allow":["GET"]}}],"collection":[{"href":"https:\/\/bloc.xarxa-omnia.org\/tortosa\/wp-json\/wp\/v2\/posts"}],"about":[{"href":"https:\/\/bloc.xarxa-omnia.org\/tortosa\/wp-json\/wp\/v2\/types\/post"}],"author":[{"embeddable":true,"href":"https:\/\/bloc.xarxa-omnia.org\/tortosa\/wp-json\/wp\/v2\/users\/1"}],"replies":[{"embeddable":true,"href":"https:\/\/bloc.xarxa-omnia.org\/tortosa\/wp-json\/wp\/v2\/comments?post=14"}],"version-history":[{"count":2,"href":"https:\/\/bloc.xarxa-omnia.org\/tortosa\/wp-json\/wp\/v2\/posts\/14\/revisions"}],"predecessor-version":[{"id":874,"href":"https:\/\/bloc.xarxa-omnia.org\/tortosa\/wp-json\/wp\/v2\/posts\/14\/revisions\/874"}],"wp:featuredmedia":[{"embeddable":true,"href":"https:\/\/bloc.xarxa-omnia.org\/tortosa\/wp-json\/wp\/v2\/media\/400"}],"wp:attachment":[{"href":"https:\/\/bloc.xarxa-omnia.org\/tortosa\/wp-json\/wp\/v2\/media?parent=14"}],"wp:term":[{"taxonomy":"category","embeddable":true,"href":"https:\/\/bloc.xarxa-omnia.org\/tortosa\/wp-json\/wp\/v2\/categories?post=14"},{"taxonomy":"post_tag","embeddable":true,"href":"https:\/\/bloc.xarxa-omnia.org\/tortosa\/wp-json\/wp\/v2\/tags?post=14"}],"curies":[{"name":"wp","href":"https:\/\/api.w.org\/{rel}","templated":true}]}}