{"id":337,"date":"2009-07-02T18:06:00","date_gmt":"2009-07-02T18:06:00","guid":{"rendered":"http:\/\/xarxaomnia.gencat.cat\/blocs\/tortosa\/2009\/07\/02\/el-punt-omnia-tortosa-sen-va-de-fira-cmpredo-net\/"},"modified":"2016-03-15T17:29:44","modified_gmt":"2016-03-15T17:29:44","slug":"el-punt-omnia-tortosa-sen-va-de-fira-cmpredo-net","status":"publish","type":"post","link":"https:\/\/bloc.xarxa-omnia.org\/tortosa\/2009\/07\/02\/el-punt-omnia-tortosa-sen-va-de-fira-cmpredo-net\/","title":{"rendered":"El Punt \u00d2mnia Tortosa se&#8217;n va de fira &#8211; C@MPREDO.NET"},"content":{"rendered":"<div style=\"text-align: justify;\"><a href=\"http:\/\/fira.campredo.net\/programa.html\"><img decoding=\"async\" id=\"BLOGGER_PHOTO_ID_5353933658262457874\" style=\"margin: 0pt 10px 10px 0pt; float: left; cursor: pointer; width: 141px; height: 200px;\" src=\"http:\/\/3.bp.blogspot.com\/_vha67K_vmEg\/Skz-S7u9zhI\/AAAAAAAAD6E\/wDqbnaYAy8Y\/s200\/C%40mpredo-net2.jpg\" alt=\"\" border=\"0\" \/><\/a>Aquest cap de setmana \u00e9s celebra a Campred\u00f3 la fira, o m\u00e9s ben dit les 3 fires: <a href=\"http:\/\/fira.campredo.net\/mestralia.html\">Mestr\u00e0lia<\/a>, <a href=\"http:\/\/fira.campredo.net\/tecnologia.html\">C@mpredo.NET<\/a> i <a href=\"http:\/\/fira.campredo.net\/curts.html\">Curt-Red\u00f3<\/a>. Aquest 3&#215;1 organitzat per l&#8217;Associaci\u00f3 Cultural Soldevila ens portar\u00e0, els dies 3, 4 i 5 de juliol, una s\u00e8rie d&#8217;actes que van des de xerrades a concerts, on hi haur\u00e1 demostracions d&#8217;instruments i tallers de noves tecnologies, inclosa el ball de la jota. Una oportunitat per donar-se una volta per Campred\u00f3 no creieu?<\/p>\n<\/div>\n<div style=\"text-align: justify;\">El Punt \u00d2mnia tindr\u00e0 un espai entre els estands de la fira de noves tecnologies <a href=\"http:\/\/fira.campredo.net\/tecnologia.html\">C@mpredo.Net<\/a>. Durant la fira, esperem oferir la nostra ajuda i experi\u00e8ncia amb el treball social de les TIC, equipar l&#8217;espai de la fira amb el maquinari necessari i fer atractiva l&#8217;oferta de la <a href=\"http:\/\/xarxa-omnia.org\/\">Xarxa \u00d2mnia<\/a> dins de la fira. Volem que la gent s&#8217;acosti a les noves tecnologies i aix\u00ed evitar l&#8217;anomenada escletxa digital molt present al nostre territori. Aquest ser\u00e0 el nostre gra de sorra per a una fira que, des d&#8217;aquest espai, li desitjem tota la sort possible.<\/div>\n<div style=\"text-align: justify;\">\nEl programa de la fira el podeu consultar en aquest enlla\u00e7: <a href=\"http:\/\/fira.campredo.net\/programa.html\">http:\/\/fira.campredo.net\/programa.html<\/a><\/div>\n","protected":false},"excerpt":{"rendered":"<p>Aquest cap de setmana \u00e9s celebra a Campred\u00f3 la fira, o m\u00e9s ben dit les 3 fires: Mestr\u00e0lia, C@mpredo.NET i Curt-Red\u00f3. Aquest 3&#215;1 organitzat per l&#8217;Associaci\u00f3 Cultural Soldevila ens portar\u00e0, els dies 3, 4 i 5 de juliol, una s\u00e8rie d&#8217;actes que van des de xerrades a concerts, on hi haur\u00e1 demostracions d&#8217;instruments i tallers [&hellip;]<\/p>\n","protected":false},"author":1,"featured_media":0,"comment_status":"open","ping_status":"open","sticky":false,"template":"","format":"standard","meta":{"footnotes":""},"categories":[347,14295,237,411],"tags":[],"class_list":{"0":"post-337","1":"post","2":"type-post","3":"status-publish","4":"format-standard","6":"category-blog","7":"category-fires","8":"category-jornades","9":"category-noticies","10":"czr-hentry"},"_links":{"self":[{"href":"https:\/\/bloc.xarxa-omnia.org\/tortosa\/wp-json\/wp\/v2\/posts\/337","targetHints":{"allow":["GET"]}}],"collection":[{"href":"https:\/\/bloc.xarxa-omnia.org\/tortosa\/wp-json\/wp\/v2\/posts"}],"about":[{"href":"https:\/\/bloc.xarxa-omnia.org\/tortosa\/wp-json\/wp\/v2\/types\/post"}],"author":[{"embeddable":true,"href":"https:\/\/bloc.xarxa-omnia.org\/tortosa\/wp-json\/wp\/v2\/users\/1"}],"replies":[{"embeddable":true,"href":"https:\/\/bloc.xarxa-omnia.org\/tortosa\/wp-json\/wp\/v2\/comments?post=337"}],"version-history":[{"count":1,"href":"https:\/\/bloc.xarxa-omnia.org\/tortosa\/wp-json\/wp\/v2\/posts\/337\/revisions"}],"predecessor-version":[{"id":558,"href":"https:\/\/bloc.xarxa-omnia.org\/tortosa\/wp-json\/wp\/v2\/posts\/337\/revisions\/558"}],"wp:attachment":[{"href":"https:\/\/bloc.xarxa-omnia.org\/tortosa\/wp-json\/wp\/v2\/media?parent=337"}],"wp:term":[{"taxonomy":"category","embeddable":true,"href":"https:\/\/bloc.xarxa-omnia.org\/tortosa\/wp-json\/wp\/v2\/categories?post=337"},{"taxonomy":"post_tag","embeddable":true,"href":"https:\/\/bloc.xarxa-omnia.org\/tortosa\/wp-json\/wp\/v2\/tags?post=337"}],"curies":[{"name":"wp","href":"https:\/\/api.w.org\/{rel}","templated":true}]}}