{"id":347,"date":"2009-05-06T09:03:00","date_gmt":"2009-05-06T09:03:00","guid":{"rendered":"http:\/\/xarxaomnia.gencat.cat\/blocs\/tortosa\/2009\/05\/06\/el-punt-omnia-a-lexpoebre\/"},"modified":"2016-03-15T17:23:28","modified_gmt":"2016-03-15T17:23:28","slug":"el-punt-omnia-a-lexpoebre","status":"publish","type":"post","link":"https:\/\/bloc.xarxa-omnia.org\/tortosa\/2009\/05\/06\/el-punt-omnia-a-lexpoebre\/","title":{"rendered":"El Punt \u00d2mnia a l&#8217;ExpoEbre"},"content":{"rendered":"<div style=\"text-align: justify;\">El Punt \u00d2mnia Tortosa ha tingut una pres\u00e8ncia discreta a l&#8217;ExpoEbre d&#8217;aquest 2009. Dins de l&#8217;estand del Departament de Governacio i Administracions P\u00fabliques de la Generalitat podr\u00edem trobar un cartell informatiu del Punt \u00d2mnia. Aprofitant la meva visita vaig fer unes quantes fotografies amb el m\u00f2bil que us deixo a continuaci\u00f3.<\/div>\n<div style=\"text-align: justify;\"><\/div>\n<div style=\"text-align: center;\"><a href=\"http:\/\/4.bp.blogspot.com\/_vha67K_vmEg\/SgFTSfo3EaI\/AAAAAAAADpI\/BW4Qb_X3GAE\/s1600-h\/Foto0059.jpg\"><img decoding=\"async\" id=\"BLOGGER_PHOTO_ID_5332635010979008930\" style=\"margin: 0px auto 10px; text-align: center; cursor: pointer; width: 400px; height: 300px;\" src=\"http:\/\/4.bp.blogspot.com\/_vha67K_vmEg\/SgFTSfo3EaI\/AAAAAAAADpI\/BW4Qb_X3GAE\/s400\/Foto0059.jpg\" alt=\"\" border=\"0\" \/><\/a>L&#8217;estand<\/p>\n<\/div>\n<p>&nbsp;<\/p>\n<div style=\"text-align: center;\"><a href=\"http:\/\/2.bp.blogspot.com\/_vha67K_vmEg\/SgFTjeklMsI\/AAAAAAAADpQ\/MACAFmhGOtY\/s1600-h\/Foto0063.jpg\"><img decoding=\"async\" id=\"BLOGGER_PHOTO_ID_5332635302750401218\" style=\"margin: 0px auto 10px; text-align: center; cursor: pointer; width: 400px; height: 300px;\" src=\"http:\/\/2.bp.blogspot.com\/_vha67K_vmEg\/SgFTjeklMsI\/AAAAAAAADpQ\/MACAFmhGOtY\/s400\/Foto0063.jpg\" alt=\"\" border=\"0\" \/><\/a>El dinamitzador<\/div>\n","protected":false},"excerpt":{"rendered":"<p>El Punt \u00d2mnia Tortosa ha tingut una pres\u00e8ncia discreta a l&#8217;ExpoEbre d&#8217;aquest 2009. Dins de l&#8217;estand del Departament de Governacio i Administracions P\u00fabliques de la Generalitat podr\u00edem trobar un cartell informatiu del Punt \u00d2mnia. Aprofitant la meva visita vaig fer unes quantes fotografies amb el m\u00f2bil que us deixo a continuaci\u00f3. L&#8217;estand &nbsp; El dinamitzador<\/p>\n","protected":false},"author":1,"featured_media":0,"comment_status":"open","ping_status":"open","sticky":false,"template":"","format":"standard","meta":{"footnotes":""},"categories":[347,35,411],"tags":[],"class_list":{"0":"post-347","1":"post","2":"type-post","3":"status-publish","4":"format-standard","6":"category-blog","7":"category-fotografies","8":"category-noticies","9":"czr-hentry"},"_links":{"self":[{"href":"https:\/\/bloc.xarxa-omnia.org\/tortosa\/wp-json\/wp\/v2\/posts\/347","targetHints":{"allow":["GET"]}}],"collection":[{"href":"https:\/\/bloc.xarxa-omnia.org\/tortosa\/wp-json\/wp\/v2\/posts"}],"about":[{"href":"https:\/\/bloc.xarxa-omnia.org\/tortosa\/wp-json\/wp\/v2\/types\/post"}],"author":[{"embeddable":true,"href":"https:\/\/bloc.xarxa-omnia.org\/tortosa\/wp-json\/wp\/v2\/users\/1"}],"replies":[{"embeddable":true,"href":"https:\/\/bloc.xarxa-omnia.org\/tortosa\/wp-json\/wp\/v2\/comments?post=347"}],"version-history":[{"count":1,"href":"https:\/\/bloc.xarxa-omnia.org\/tortosa\/wp-json\/wp\/v2\/posts\/347\/revisions"}],"predecessor-version":[{"id":526,"href":"https:\/\/bloc.xarxa-omnia.org\/tortosa\/wp-json\/wp\/v2\/posts\/347\/revisions\/526"}],"wp:attachment":[{"href":"https:\/\/bloc.xarxa-omnia.org\/tortosa\/wp-json\/wp\/v2\/media?parent=347"}],"wp:term":[{"taxonomy":"category","embeddable":true,"href":"https:\/\/bloc.xarxa-omnia.org\/tortosa\/wp-json\/wp\/v2\/categories?post=347"},{"taxonomy":"post_tag","embeddable":true,"href":"https:\/\/bloc.xarxa-omnia.org\/tortosa\/wp-json\/wp\/v2\/tags?post=347"}],"curies":[{"name":"wp","href":"https:\/\/api.w.org\/{rel}","templated":true}]}}