{"id":1234,"date":"2010-12-03T13:41:12","date_gmt":"2010-12-03T12:41:12","guid":{"rendered":"http:\/\/www.xarxa-omnia.org\/puntomniavalls\/?p=1234"},"modified":"2026-03-19T08:51:49","modified_gmt":"2026-03-19T08:51:49","slug":"dia-internacional-de-les-persones-amb-discapacitat","status":"publish","type":"post","link":"https:\/\/bloc.xarxa-omnia.org\/valls\/2010\/12\/03\/dia-internacional-de-les-persones-amb-discapacitat\/","title":{"rendered":"DIA INTERNACIONAL DE LES PERSONES AMB DISCAPACITAT"},"content":{"rendered":"<p style=\"text-align: justify\"><a href=\"http:\/\/www.xarxa-omnia.org\/puntomniavalls\/wp-content\/uploads\/2010\/12\/dia-internacional-discap.jpg\"><img loading=\"lazy\" decoding=\"async\" class=\"alignleft size-full wp-image-1259\" title=\"dia-internacional-discap\" alt=\"\" src=\"http:\/\/www.xarxa-omnia.org\/puntomniavalls\/wp-content\/uploads\/2010\/12\/dia-internacional-discap.jpg\" width=\"189\" height=\"151\" \/><\/a>El Dia Internacional de les persones discapacitades t\u00e9 com a objectiu sensibilitzar la opini\u00f3 publica sobre els temes relacionats amb la discapacitat i promoure la presa de consci\u00e8ncia pel que fa als beneficis que generaria la integraci\u00f3 de les persones amb discapacitat en tots els aspectes de la vida pol\u00edtica, social, econ\u00f2mica i cultural.<\/p>\n<p style=\"text-align: justify\">El dia 3 de desembre, des de el Punt \u00d2mnia de Valls\u00a0 fem ress\u00f2 de la celebraci\u00f3 del Dia Internacional de les Persones amb Discapacitat.<\/p>\n<p style=\"text-align: justify\">Al<a href=\"http:\/\/www.xarxa-omnia.org\/puntomniavalls\/?p=956\"> Punt \u00d2mnia de Valls<\/a> acollim la proba pilot d&#8217;<a href=\"http:\/\/www.accedo20.org\/\">ACCEDO 2.0<\/a>, la instal\u00b7laci\u00f3 d\u2019algunes ajudes t\u00e8cniques per millorar el servei i l\u2019accessibilitat dels usuaris al centre,\u00a0 l\u2019objectiu d\u2019aquest projecte \u00e9s la creaci\u00f3 d\u2019un portal web accessible i d\u2019una xarxa social per a usuaris i usu\u00e0ries amb discapacitat intel\u00b7lectual lleu i, en el qual un equip de maquin\u00e0ria i programari obrir\u00e0 la possibilitat a l\u2019acci\u00f3 formativa i l\u2019\u00fas social de les TIC.<\/p>\n<p style=\"text-align: justify\">El passat dimecres es va encetar el <a href=\"http:\/\/plainclusiovalls.wordpress.com\/\">Pla d\u2019Inclusi\u00f3 Social<\/a> i el Punt d\u2019Atenci\u00f3 a la Dona sota el lema \u201cValls per la igualtat i la inclusi\u00f3\u201d, un encertat programa que acull diferents tallers, des de xerrades, risoter\u00e0pia, etc.<\/p>\n<p style=\"text-align: justify\">Des del repositori de <a href=\"http:\/\/blog.xarxa-omnia.org\/odc\/tastam-programari-i-diversitat-funcional\/\">Tasta&#8217;m del bloc de\u00a0 la\u00a0 Xarxa-\u00d2mnia<\/a> ens proposen una selecci\u00f3 de programari que ofereix ajudes t\u00e8cniques, jocs i eines d\u2019Internet, totes elles gratu\u00eftes, que possibiliten un \u00fas accessible de l\u2019ordinador per a aquelles persones que ho requereixin.<\/p>\n","protected":false},"excerpt":{"rendered":"<p>El Dia Internacional de les persones discapacitades t\u00e9 com a objectiu sensibilitzar la opini\u00f3 publica sobre els temes relacionats amb la discapacitat i promoure la presa de consci\u00e8ncia pel que fa als beneficis que generaria la integraci\u00f3 de les persones amb discapacitat en tots els aspectes de la vida pol\u00edtica, social, econ\u00f2mica i cultural. El [&hellip;]<\/p>\n","protected":false},"author":187,"featured_media":0,"comment_status":"closed","ping_status":"closed","sticky":false,"template":"","format":"standard","meta":{"footnotes":""},"categories":[411],"tags":[],"class_list":{"0":"post-1234","1":"post","2":"type-post","3":"status-publish","4":"format-standard","6":"category-noticies","7":"czr-hentry"},"_links":{"self":[{"href":"https:\/\/bloc.xarxa-omnia.org\/valls\/wp-json\/wp\/v2\/posts\/1234","targetHints":{"allow":["GET"]}}],"collection":[{"href":"https:\/\/bloc.xarxa-omnia.org\/valls\/wp-json\/wp\/v2\/posts"}],"about":[{"href":"https:\/\/bloc.xarxa-omnia.org\/valls\/wp-json\/wp\/v2\/types\/post"}],"author":[{"embeddable":true,"href":"https:\/\/bloc.xarxa-omnia.org\/valls\/wp-json\/wp\/v2\/users\/187"}],"replies":[{"embeddable":true,"href":"https:\/\/bloc.xarxa-omnia.org\/valls\/wp-json\/wp\/v2\/comments?post=1234"}],"version-history":[{"count":1,"href":"https:\/\/bloc.xarxa-omnia.org\/valls\/wp-json\/wp\/v2\/posts\/1234\/revisions"}],"predecessor-version":[{"id":5162,"href":"https:\/\/bloc.xarxa-omnia.org\/valls\/wp-json\/wp\/v2\/posts\/1234\/revisions\/5162"}],"wp:attachment":[{"href":"https:\/\/bloc.xarxa-omnia.org\/valls\/wp-json\/wp\/v2\/media?parent=1234"}],"wp:term":[{"taxonomy":"category","embeddable":true,"href":"https:\/\/bloc.xarxa-omnia.org\/valls\/wp-json\/wp\/v2\/categories?post=1234"},{"taxonomy":"post_tag","embeddable":true,"href":"https:\/\/bloc.xarxa-omnia.org\/valls\/wp-json\/wp\/v2\/tags?post=1234"}],"curies":[{"name":"wp","href":"https:\/\/api.w.org\/{rel}","templated":true}]}}