{"id":1576,"date":"2011-01-13T11:34:20","date_gmt":"2011-01-13T10:34:20","guid":{"rendered":"http:\/\/www.xarxa-omnia.org\/puntomniavalls\/?p=1576"},"modified":"2011-01-13T11:34:20","modified_gmt":"2011-01-13T10:34:20","slug":"el-punt-omnia-de-valls-a-punt-per-iniciar-el-nou-curs","status":"publish","type":"post","link":"https:\/\/bloc.xarxa-omnia.org\/valls\/2011\/01\/13\/el-punt-omnia-de-valls-a-punt-per-iniciar-el-nou-curs\/","title":{"rendered":"EL PUNT \u00d2MNIA DE VALLS A PUNT D&#8217;INICIAR EL NOU CURS"},"content":{"rendered":"<div>\n<p style=\"text-align: justify\"><a href=\"http:\/\/www.xarxa-omnia.org\/puntomniavalls\/wp-content\/uploads\/2011\/01\/inform\u00e0tica.jpg\"><img loading=\"lazy\" decoding=\"async\" class=\"alignleft size-medium wp-image-1578\" title=\"inform\u00e0tica\" src=\"http:\/\/www.xarxa-omnia.org\/puntomniavalls\/wp-content\/uploads\/2011\/01\/inform\u00e0tica-300x300.jpg\" alt=\"\" width=\"150\" height=\"150\" srcset=\"https:\/\/bloc.xarxa-omnia.org\/valls\/files\/2011\/01\/inform\u00e0tica-300x300.jpg 300w, https:\/\/bloc.xarxa-omnia.org\/valls\/files\/2011\/01\/inform\u00e0tica-150x150.jpg 150w, https:\/\/bloc.xarxa-omnia.org\/valls\/files\/2011\/01\/inform\u00e0tica-220x220.jpg 220w, https:\/\/bloc.xarxa-omnia.org\/valls\/files\/2011\/01\/inform\u00e0tica.jpg 400w\" sizes=\"auto, (max-width: 150px) 100vw, 150px\" \/><\/a>El dia <strong>17 de gener de 2011 comen\u00e7aran els cursos<\/strong> i els tallers de formaci\u00f3 al Punt \u00d2mnia de Casa Caritat i al Barri Antic de Valls. Arriba la nova oferta formativa\u00a0 comunit\u00e0ria: imatge digital, internet, activitats per a infants i joves, cursos per a comerciants i de preparaci\u00f3 per a les proves de l&#8217;ACTIC de nivell b\u00e0sic i mitja, dins de\u00a0 l&#8217;Espai Formaci\u00f3.<\/p>\n<p style=\"text-align: justify\">Les activitats d&#8217;acc\u00e9s lliure i autoformaci\u00f3 per a adults i les activitats de lleure per a infants i joves tornen a posar-se en marxa.<\/p>\n<p style=\"text-align: justify\">Per apuntar-se a l&#8217;espai d&#8217;acc\u00e9s lliure i autoformaci\u00f3, cal reservar hora a\u00a0 la\u00a0 Recepci\u00f3 de Casa Caritat al tel\u00e8fon 977 612 010 o a la Recepci\u00f3 del\u00a0 Centre C\u00edvic La Fusta al 977 609849.<\/p>\n<\/div>\n","protected":false},"excerpt":{"rendered":"<p>El dia 17 de gener de 2011 comen\u00e7aran els cursos i els tallers de formaci\u00f3 al Punt \u00d2mnia de Casa Caritat i al Barri Antic de Valls. Arriba la nova oferta formativa\u00a0 comunit\u00e0ria: imatge digital, internet, activitats per a infants i joves, cursos per a comerciants i de preparaci\u00f3 per a les proves de l&#8217;ACTIC [&hellip;]<\/p>\n","protected":false},"author":187,"featured_media":0,"comment_status":"open","ping_status":"open","sticky":false,"template":"","format":"standard","meta":{"footnotes":""},"categories":[411],"tags":[],"class_list":{"0":"post-1576","1":"post","2":"type-post","3":"status-publish","4":"format-standard","6":"category-noticies","7":"czr-hentry"},"_links":{"self":[{"href":"https:\/\/bloc.xarxa-omnia.org\/valls\/wp-json\/wp\/v2\/posts\/1576","targetHints":{"allow":["GET"]}}],"collection":[{"href":"https:\/\/bloc.xarxa-omnia.org\/valls\/wp-json\/wp\/v2\/posts"}],"about":[{"href":"https:\/\/bloc.xarxa-omnia.org\/valls\/wp-json\/wp\/v2\/types\/post"}],"author":[{"embeddable":true,"href":"https:\/\/bloc.xarxa-omnia.org\/valls\/wp-json\/wp\/v2\/users\/187"}],"replies":[{"embeddable":true,"href":"https:\/\/bloc.xarxa-omnia.org\/valls\/wp-json\/wp\/v2\/comments?post=1576"}],"version-history":[{"count":0,"href":"https:\/\/bloc.xarxa-omnia.org\/valls\/wp-json\/wp\/v2\/posts\/1576\/revisions"}],"wp:attachment":[{"href":"https:\/\/bloc.xarxa-omnia.org\/valls\/wp-json\/wp\/v2\/media?parent=1576"}],"wp:term":[{"taxonomy":"category","embeddable":true,"href":"https:\/\/bloc.xarxa-omnia.org\/valls\/wp-json\/wp\/v2\/categories?post=1576"},{"taxonomy":"post_tag","embeddable":true,"href":"https:\/\/bloc.xarxa-omnia.org\/valls\/wp-json\/wp\/v2\/tags?post=1576"}],"curies":[{"name":"wp","href":"https:\/\/api.w.org\/{rel}","templated":true}]}}