{"id":2427,"date":"2011-08-05T11:58:59","date_gmt":"2011-08-05T10:58:59","guid":{"rendered":"http:\/\/www.xarxa-omnia.org\/puntomniavalls\/?p=2427"},"modified":"2011-08-05T11:58:59","modified_gmt":"2011-08-05T10:58:59","slug":"nou-equip-a-lomnia-valls","status":"publish","type":"post","link":"https:\/\/bloc.xarxa-omnia.org\/valls\/2011\/08\/05\/nou-equip-a-lomnia-valls\/","title":{"rendered":"Nou equip a l&#8217;\u00d2mnia Valls"},"content":{"rendered":"<p><strong>Donem la ben<a href=\"http:\/\/valls.xarxa-omnia.org\/wp-content\/uploads\/2011\/08\/la-foto.jpg\"><img loading=\"lazy\" decoding=\"async\" class=\"size-medium wp-image-2654 alignleft\" title=\"la foto\" src=\"http:\/\/valls.xarxa-omnia.org\/wp-content\/uploads\/2011\/08\/la-foto-300x224.jpg\" alt=\"\" width=\"210\" height=\"157\" srcset=\"https:\/\/bloc.xarxa-omnia.org\/valls\/files\/2011\/08\/la-foto-300x224.jpg 300w, https:\/\/bloc.xarxa-omnia.org\/valls\/files\/2011\/08\/la-foto-1024x765.jpg 1024w, https:\/\/bloc.xarxa-omnia.org\/valls\/files\/2011\/08\/la-foto-768x574.jpg 768w, https:\/\/bloc.xarxa-omnia.org\/valls\/files\/2011\/08\/la-foto.jpg 1296w\" sizes=\"auto, (max-width: 210px) 100vw, 210px\" \/><\/a>vinguda als nous integrants<\/strong> a l&#8217;equip de formadors de l&#8217;\u00d3mnia.<\/p>\n<p>&nbsp;<\/p>\n<p style=\"text-align: justify\">Xavi Gibert, Mayte Segura, Lisard Bellod i Benito Villama\u00f1\u00e1n, que estaran amb nosaltres fins a finals d&#8217;any col\u00b7laborant amb l&#8217;\u00d2mnia de Valls. Continuen amb nosaltres\u00a0 l&#8217;\u00d2scar. l&#8217;Helena i la Luisa.<\/p>\n<p style=\"text-align: justify\">&nbsp;<\/p>\n<p style=\"text-align: justify\">&nbsp;<\/p>\n<p style=\"text-align: justify\">&nbsp;<\/p>\n<p style=\"text-align: justify\">&nbsp;<\/p>\n<p style=\"text-align: justify\">&nbsp;<\/p>\n","protected":false},"excerpt":{"rendered":"<p>Donem la benvinguda als nous integrants a l&#8217;equip de formadors de l&#8217;\u00d3mnia. &nbsp; Xavi Gibert, Mayte Segura, Lisard Bellod i Benito Villama\u00f1\u00e1n, que estaran amb nosaltres fins a finals d&#8217;any col\u00b7laborant amb l&#8217;\u00d2mnia de Valls. Continuen amb nosaltres\u00a0 l&#8217;\u00d2scar. l&#8217;Helena i la Luisa. &nbsp; &nbsp; &nbsp; &nbsp; &nbsp;<\/p>\n","protected":false},"author":187,"featured_media":0,"comment_status":"open","ping_status":"open","sticky":false,"template":"","format":"standard","meta":{"footnotes":""},"categories":[411],"tags":[],"class_list":{"0":"post-2427","1":"post","2":"type-post","3":"status-publish","4":"format-standard","6":"category-noticies","7":"czr-hentry"},"_links":{"self":[{"href":"https:\/\/bloc.xarxa-omnia.org\/valls\/wp-json\/wp\/v2\/posts\/2427","targetHints":{"allow":["GET"]}}],"collection":[{"href":"https:\/\/bloc.xarxa-omnia.org\/valls\/wp-json\/wp\/v2\/posts"}],"about":[{"href":"https:\/\/bloc.xarxa-omnia.org\/valls\/wp-json\/wp\/v2\/types\/post"}],"author":[{"embeddable":true,"href":"https:\/\/bloc.xarxa-omnia.org\/valls\/wp-json\/wp\/v2\/users\/187"}],"replies":[{"embeddable":true,"href":"https:\/\/bloc.xarxa-omnia.org\/valls\/wp-json\/wp\/v2\/comments?post=2427"}],"version-history":[{"count":0,"href":"https:\/\/bloc.xarxa-omnia.org\/valls\/wp-json\/wp\/v2\/posts\/2427\/revisions"}],"wp:attachment":[{"href":"https:\/\/bloc.xarxa-omnia.org\/valls\/wp-json\/wp\/v2\/media?parent=2427"}],"wp:term":[{"taxonomy":"category","embeddable":true,"href":"https:\/\/bloc.xarxa-omnia.org\/valls\/wp-json\/wp\/v2\/categories?post=2427"},{"taxonomy":"post_tag","embeddable":true,"href":"https:\/\/bloc.xarxa-omnia.org\/valls\/wp-json\/wp\/v2\/tags?post=2427"}],"curies":[{"name":"wp","href":"https:\/\/api.w.org\/{rel}","templated":true}]}}