{"id":2790,"date":"2011-09-14T09:06:52","date_gmt":"2011-09-14T08:06:52","guid":{"rendered":"http:\/\/valls.xarxa-omnia.org\/?p=2790"},"modified":"2011-09-14T09:06:52","modified_gmt":"2011-09-14T08:06:52","slug":"el-programa-connectat-torna-al-punt-omnia","status":"publish","type":"post","link":"https:\/\/bloc.xarxa-omnia.org\/valls\/2011\/09\/14\/el-programa-connectat-torna-al-punt-omnia\/","title":{"rendered":"El programa Connecta&#8217;t torna al punt \u00d2mnia"},"content":{"rendered":"<p><a href=\"http:\/\/valls.xarxa-omnia.org\/wp-content\/uploads\/2011\/09\/la-foto.jpg\"><img loading=\"lazy\" decoding=\"async\" class=\"alignleft size-medium wp-image-2795\" title=\"la foto\" src=\"http:\/\/valls.xarxa-omnia.org\/wp-content\/uploads\/2011\/09\/la-foto-200x149.jpg\" alt=\"\" width=\"200\" height=\"149\" \/><\/a>Dimarts passat va comen\u00e7ar el nou curs \u00a0<a title=\"connecta't\" href=\"http:\/\/www.oficinadetreball.cat\/socweb\/opencms\/socweb_es\/ciutadans\/orientacioTrobarFeina\/alfabetitzacioDigital.html\">Connecta&#8217;t<\/a> al Punt \u00d2mnia de Valls, format per un grup de 9 persones en el \u00a0m\u00f2dul B.<\/p>\n<p>Les persones interessades en realitzar els m\u00f2duls del programa Connecta&#8217;t han de\u00a0adre\u00e7ar-se\u00a0al SOC de Valls.<\/p>\n<p>Els m\u00f2duls s\u00f3n impartits per la formadora Sara Gallis\u00e0.<\/p>\n<p>El programa ofereix dues modalitats formatives que s&#8217;impartiran de forma presencial en alguns centres de la \u00a0Xarxa Punt TIC\u00a0del territori.<\/p>\n<ul>\n<li><strong>Modalitat A<\/strong>:\u00a0<strong>&#8220;Introducci\u00f3 a l&#8217;entorn inform\u00e0tic&#8221;<\/strong>\u00a0(15 hores), orienta a:\n<ul>\n<li>Adquirir compet\u00e8ncies m\u00ednimes en l&#8217;\u00e0mbit inform\u00e0tic<\/li>\n<li>Elaborar un document de text<\/li>\n<li>Crear i fer servir un compte de correu electr\u00f2nic<\/li>\n<li>Navegar per Internet.<\/li>\n<\/ul>\n<\/li>\n<li><strong>Modalitat B<\/strong>:\u00a0<strong>&#8220;Eines per a la recerca de feina&#8221;<\/strong>\u00a0(10 hores),\u00a0orientada a aplicar les compet\u00e8ncies digitals b\u00e0siques a la recerca de feina:\n<ul>\n<li>Elaborar el curr\u00edculum vitae i carta de presentaci\u00f3<\/li>\n<li>Realitzar una\u00a0cerca de feina mitjan\u00e7ant portals d&#8217;ocupaci\u00f3 a Internet, com ara\u00a0<strong>Feina Activa<\/strong>.<\/li>\n<\/ul>\n<\/li>\n<\/ul>\n","protected":false},"excerpt":{"rendered":"<p>Dimarts passat va comen\u00e7ar el nou curs \u00a0Connecta&#8217;t al Punt \u00d2mnia de Valls, format per un grup de 9 persones en el \u00a0m\u00f2dul B. Les persones interessades en realitzar els m\u00f2duls del programa Connecta&#8217;t han de\u00a0adre\u00e7ar-se\u00a0al SOC de Valls. Els m\u00f2duls s\u00f3n impartits per la formadora Sara Gallis\u00e0. El programa ofereix dues modalitats formatives que [&hellip;]<\/p>\n","protected":false},"author":187,"featured_media":0,"comment_status":"open","ping_status":"open","sticky":false,"template":"","format":"standard","meta":{"footnotes":""},"categories":[411],"tags":[],"class_list":{"0":"post-2790","1":"post","2":"type-post","3":"status-publish","4":"format-standard","6":"category-noticies","7":"czr-hentry"},"_links":{"self":[{"href":"https:\/\/bloc.xarxa-omnia.org\/valls\/wp-json\/wp\/v2\/posts\/2790","targetHints":{"allow":["GET"]}}],"collection":[{"href":"https:\/\/bloc.xarxa-omnia.org\/valls\/wp-json\/wp\/v2\/posts"}],"about":[{"href":"https:\/\/bloc.xarxa-omnia.org\/valls\/wp-json\/wp\/v2\/types\/post"}],"author":[{"embeddable":true,"href":"https:\/\/bloc.xarxa-omnia.org\/valls\/wp-json\/wp\/v2\/users\/187"}],"replies":[{"embeddable":true,"href":"https:\/\/bloc.xarxa-omnia.org\/valls\/wp-json\/wp\/v2\/comments?post=2790"}],"version-history":[{"count":0,"href":"https:\/\/bloc.xarxa-omnia.org\/valls\/wp-json\/wp\/v2\/posts\/2790\/revisions"}],"wp:attachment":[{"href":"https:\/\/bloc.xarxa-omnia.org\/valls\/wp-json\/wp\/v2\/media?parent=2790"}],"wp:term":[{"taxonomy":"category","embeddable":true,"href":"https:\/\/bloc.xarxa-omnia.org\/valls\/wp-json\/wp\/v2\/categories?post=2790"},{"taxonomy":"post_tag","embeddable":true,"href":"https:\/\/bloc.xarxa-omnia.org\/valls\/wp-json\/wp\/v2\/tags?post=2790"}],"curies":[{"name":"wp","href":"https:\/\/api.w.org\/{rel}","templated":true}]}}