{"id":2827,"date":"2011-10-17T14:14:40","date_gmt":"2011-10-17T13:14:40","guid":{"rendered":"http:\/\/valls.xarxa-omnia.org\/?p=2827"},"modified":"2011-10-17T14:14:40","modified_gmt":"2011-10-17T13:14:40","slug":"ja-podeu-examinar-vos-de-lactic-avancat","status":"publish","type":"post","link":"https:\/\/bloc.xarxa-omnia.org\/valls\/2011\/10\/17\/ja-podeu-examinar-vos-de-lactic-avancat\/","title":{"rendered":"Ja podeu examinar-vos de l&#8217;Actic Avan\u00e7at"},"content":{"rendered":"<p style=\"text-align: justify\"><a href=\"http:\/\/valls.xarxa-omnia.org\/wp-content\/uploads\/2011\/10\/logo_actic238688852123.jpg\"><img loading=\"lazy\" decoding=\"async\" class=\"alignleft size-medium wp-image-2828\" title=\"logo_actic238688852123\" src=\"http:\/\/valls.xarxa-omnia.org\/wp-content\/uploads\/2011\/10\/logo_actic238688852123-200x120.jpg\" alt=\"\" width=\"200\" height=\"120\" \/><\/a><strong>Des de el dia 30 de setembre ja es pot fer la prova de l&#8217;Actic Avan\u00e7at<\/strong>.<\/p>\n<p style=\"text-align: justify\">L&#8217;\u00d2mnia de Casa Caritat de Valls, com a centre avaluador,\u00a0 us ofereix\u00a0 la possibilitat d&#8217;examinar-vos del nivell Avan\u00e7at.\u00a0 Per a m\u00e9s informaci\u00f3 o apuntar-se al examen,\u00a0 podeu visitar la plana web de l<a href=\"http:\/\/www20.gencat.cat\/portal\/site\/actic\">&#8216;Actic\u00a0<\/a> i per a qualsevol dubte, podeu contactar amb nosaltres al <a title=\"formulari\" href=\"http:\/\/valls.xarxa-omnia.org\/?page_id=20\">formulari<\/a> del \u00a0Punt \u00d2mnia Valls.<\/p>\n<p style=\"text-align: justify\">Tamb\u00e9 oferim formaci\u00f3 per a la preparaci\u00f3 de les proves de nivell b\u00e0sic i mitj\u00e0 dins de l&#8217;Espai Formaci\u00f3. A partir del gener 2012 tamb\u00e9 oferirem formaci\u00f3 del nivell avan\u00e7at.<\/p>\n<p style=\"text-align: justify\">Consulta l&#8217;oferta <a href=\"http:\/\/www.c5wrdps.cat\/pdf\/espai_formacio_valls_oct_2011.pdf\">aqu\u00ed\u00a0 <\/a>(P\u00e0gina 12)<\/p>\n","protected":false},"excerpt":{"rendered":"<p>Des de el dia 30 de setembre ja es pot fer la prova de l&#8217;Actic Avan\u00e7at. L&#8217;\u00d2mnia de Casa Caritat de Valls, com a centre avaluador,\u00a0 us ofereix\u00a0 la possibilitat d&#8217;examinar-vos del nivell Avan\u00e7at.\u00a0 Per a m\u00e9s informaci\u00f3 o apuntar-se al examen,\u00a0 podeu visitar la plana web de l&#8216;Actic\u00a0 i per a qualsevol dubte, podeu [&hellip;]<\/p>\n","protected":false},"author":187,"featured_media":0,"comment_status":"open","ping_status":"open","sticky":false,"template":"","format":"standard","meta":{"footnotes":""},"categories":[411],"tags":[],"class_list":{"0":"post-2827","1":"post","2":"type-post","3":"status-publish","4":"format-standard","6":"category-noticies","7":"czr-hentry"},"_links":{"self":[{"href":"https:\/\/bloc.xarxa-omnia.org\/valls\/wp-json\/wp\/v2\/posts\/2827","targetHints":{"allow":["GET"]}}],"collection":[{"href":"https:\/\/bloc.xarxa-omnia.org\/valls\/wp-json\/wp\/v2\/posts"}],"about":[{"href":"https:\/\/bloc.xarxa-omnia.org\/valls\/wp-json\/wp\/v2\/types\/post"}],"author":[{"embeddable":true,"href":"https:\/\/bloc.xarxa-omnia.org\/valls\/wp-json\/wp\/v2\/users\/187"}],"replies":[{"embeddable":true,"href":"https:\/\/bloc.xarxa-omnia.org\/valls\/wp-json\/wp\/v2\/comments?post=2827"}],"version-history":[{"count":0,"href":"https:\/\/bloc.xarxa-omnia.org\/valls\/wp-json\/wp\/v2\/posts\/2827\/revisions"}],"wp:attachment":[{"href":"https:\/\/bloc.xarxa-omnia.org\/valls\/wp-json\/wp\/v2\/media?parent=2827"}],"wp:term":[{"taxonomy":"category","embeddable":true,"href":"https:\/\/bloc.xarxa-omnia.org\/valls\/wp-json\/wp\/v2\/categories?post=2827"},{"taxonomy":"post_tag","embeddable":true,"href":"https:\/\/bloc.xarxa-omnia.org\/valls\/wp-json\/wp\/v2\/tags?post=2827"}],"curies":[{"name":"wp","href":"https:\/\/api.w.org\/{rel}","templated":true}]}}