{"id":2968,"date":"2011-11-24T12:22:32","date_gmt":"2011-11-24T11:22:32","guid":{"rendered":"http:\/\/valls.xarxa-omnia.org\/?p=2968"},"modified":"2023-10-05T16:11:54","modified_gmt":"2023-10-05T16:11:54","slug":"dia-internacional-dels-drets-dels-infants","status":"publish","type":"post","link":"https:\/\/bloc.xarxa-omnia.org\/valls\/2011\/11\/24\/dia-internacional-dels-drets-dels-infants\/","title":{"rendered":"Dia Internacional dels Drets dels Infants"},"content":{"rendered":"<p><a href=\"http:\/\/valls.xarxa-omnia.org\/wp-content\/uploads\/2011\/11\/Drets-infants.jpg\"><img loading=\"lazy\" decoding=\"async\" class=\"alignleft size-full wp-image-2969\" title=\"Drets infants\" src=\"http:\/\/valls.xarxa-omnia.org\/wp-content\/uploads\/2011\/11\/Drets-infants.jpg\" alt=\"\" width=\"200\" height=\"159\" \/><\/a>El \u00a020 de novembre es va celebrar el\u00a0\u00a0<strong>Dia Internacional dels Drets dels Infants\u00a0<\/strong>on es reivindiquen els drets civils, pol\u00edtics, econ\u00f2mics, socials i culturals de la inf\u00e0ncia.<br \/>\nPer aix\u00f2 aquesta setmana les activitats que durem a terme al PAM i PIPA i al Punt \u00d2mnia seran treballar aquests drets.<\/p>\n<p>Per a m\u00e9s informaci\u00f3:\u00a0<a title=\"drets infants\" href=\"http:\/\/activitatsprimaria2010-2011.blogspot.com\/2011\/11\/els-drets-dels-infants.html\">Visita el nostre Blog<\/a><\/p>\n<p>&nbsp;<\/p>\n<p>&nbsp;<\/p>\n<p>&nbsp;<\/p>\n<p>&nbsp;<\/p>\n<p>&nbsp;<\/p>\n","protected":false},"excerpt":{"rendered":"<p>El \u00a020 de novembre es va celebrar el\u00a0\u00a0Dia Internacional dels Drets dels Infants\u00a0on es reivindiquen els drets civils, pol\u00edtics, econ\u00f2mics, socials i culturals de la inf\u00e0ncia. Per aix\u00f2 aquesta setmana les activitats que durem a terme al PAM i PIPA i al Punt \u00d2mnia seran treballar aquests drets. Per a m\u00e9s informaci\u00f3:\u00a0Visita el nostre Blog [&hellip;]<\/p>\n","protected":false},"author":187,"featured_media":0,"comment_status":"closed","ping_status":"open","sticky":false,"template":"","format":"standard","meta":{"footnotes":""},"categories":[411],"tags":[],"class_list":{"0":"post-2968","1":"post","2":"type-post","3":"status-publish","4":"format-standard","6":"category-noticies","7":"czr-hentry"},"_links":{"self":[{"href":"https:\/\/bloc.xarxa-omnia.org\/valls\/wp-json\/wp\/v2\/posts\/2968","targetHints":{"allow":["GET"]}}],"collection":[{"href":"https:\/\/bloc.xarxa-omnia.org\/valls\/wp-json\/wp\/v2\/posts"}],"about":[{"href":"https:\/\/bloc.xarxa-omnia.org\/valls\/wp-json\/wp\/v2\/types\/post"}],"author":[{"embeddable":true,"href":"https:\/\/bloc.xarxa-omnia.org\/valls\/wp-json\/wp\/v2\/users\/187"}],"replies":[{"embeddable":true,"href":"https:\/\/bloc.xarxa-omnia.org\/valls\/wp-json\/wp\/v2\/comments?post=2968"}],"version-history":[{"count":1,"href":"https:\/\/bloc.xarxa-omnia.org\/valls\/wp-json\/wp\/v2\/posts\/2968\/revisions"}],"predecessor-version":[{"id":5146,"href":"https:\/\/bloc.xarxa-omnia.org\/valls\/wp-json\/wp\/v2\/posts\/2968\/revisions\/5146"}],"wp:attachment":[{"href":"https:\/\/bloc.xarxa-omnia.org\/valls\/wp-json\/wp\/v2\/media?parent=2968"}],"wp:term":[{"taxonomy":"category","embeddable":true,"href":"https:\/\/bloc.xarxa-omnia.org\/valls\/wp-json\/wp\/v2\/categories?post=2968"},{"taxonomy":"post_tag","embeddable":true,"href":"https:\/\/bloc.xarxa-omnia.org\/valls\/wp-json\/wp\/v2\/tags?post=2968"}],"curies":[{"name":"wp","href":"https:\/\/api.w.org\/{rel}","templated":true}]}}