{"id":3017,"date":"2011-12-01T14:21:21","date_gmt":"2011-12-01T13:21:21","guid":{"rendered":"http:\/\/valls.xarxa-omnia.org\/?p=3017"},"modified":"2023-10-05T16:11:54","modified_gmt":"2023-10-05T16:11:54","slug":"pinzellada-digital-sobre-tic-i-discapacitat","status":"publish","type":"post","link":"https:\/\/bloc.xarxa-omnia.org\/valls\/2011\/12\/01\/pinzellada-digital-sobre-tic-i-discapacitat\/","title":{"rendered":"Pinzellada Digital sobre TIC i Discapacitat"},"content":{"rendered":"<p style=\"text-align: justify\">\u00a0\u00a0\u00a0\u00a0\u00a0\u00a0\u00a0\u00a0\u00a0\u00a0\u00a0\u00a0\u00a0\u00a0\u00a0\u00a0\u00a0\u00a0\u00a0\u00a0\u00a0\u00a0\u00a0\u00a0\u00a0\u00a0\u00a0\u00a0\u00a0\u00a0\u00a0\u00a0\u00a0\u00a0\u00a0\u00a0\u00a0\u00a0\u00a0\u00a0\u00a0\u00a0\u00a0\u00a0\u00a0\u00a0\u00a0\u00a0\u00a0\u00a0\u00a0\u00a0\u00a0\u00a0\u00a0\u00a0\u00a0\u00a0\u00a0\u00a0\u00a0\u00a0\u00a0\u00a0\u00a0\u00a0\u00a0\u00a0\u00a0\u00a0\u00a0\u00a0\u00a0\u00a0\u00a0\u00a0\u00a0\u00a0\u00a0\u00a0\u00a0\u00a0\u00a0\u00a0\u00a0\u00a0\u00a0\u00a0\u00a0\u00a0\u00a0\u00a0\u00a0\u00a0\u00a0\u00a0\u00a0\u00a0\u00a0\u00a0\u00a0\u00a0\u00a0\u00a0\u00a0\u00a0\u00a0\u00a0\u00a0\u00a0\u00a0\u00a0\u00a0\u00a0\u00a0\u00a0\u00a0\u00a0\u00a0\u00a0\u00a0\u00a0\u00a0\u00a0\u00a0\u00a0 \u00a0<img loading=\"lazy\" decoding=\"async\" class=\"alignleft\" title=\"Accessibilitat\" src=\"http:\/\/www.vilanova.cat\/blog\/armandcardona\/wp-content\/uploads\/2009\/05\/accessibilitat.jpg\" alt=\"\" width=\"384\" height=\"192\" \/><\/p>\n<p style=\"text-align: justify\">Dem\u00e0, divendres 2 de desembre i coincidint amb el <a href=\"http:\/\/www20.gencat.cat\/portal\/site\/bsf\/menuitem.318327c7107bbec91285ea75b0c0e1a0\/?vgnextoid=48e093f3e06a4210VgnVCM1000008d0c1e0aRCRD&amp;vgnextchannel=48e093f3e06a4210VgnVCM1000008d0c1e0aRCRD&amp;vgnextfmt=default#Blocd5ae4d37c54f3310VgnVCM1000008d0c1e0a____\">Dia Internacional de les persones amb Discapacitat<\/a>, tenim prepararda, dins del nostre programa de Pinzellades digitals de tardor, la seg\u00fcent xerrada: <strong>L&#8217;aula \u00d2mnia, aula accessible<\/strong>.<\/p>\n<p style=\"text-align: justify\">En aquesta xerrada col\u00b7laborar\u00e0 amb nosaltres el nostre company de la Xarxa \u00d2mnia,\u00a0Gabriel Gonz\u00e1lez Carrillo, T\u00e8cnic de l&#8217;\u00a0\u00e0rea de E-inclusi\u00f3 i Oficina de Dinamitzaci\u00f3 Comunit\u00e0ria de la Xarxa-\u00d2mnia.<\/p>\n<p style=\"text-align: justify\">Els continguts de la xerrada seran:<\/p>\n<ol style=\"text-align: justify\">\n<li>Presentaci\u00f3 general: com les TIC afavoreixen la promoci\u00f3 de les persones amb discapacitat i milloren la seva qualitat de vida.<\/li>\n<li>Ajudes t\u00e8cniques i configuraci\u00f3 de Windows: opcions d&#8217;accessibilitat<\/li>\n<li>El projecte <a href=\"http:\/\/accedo20.org\/index.htm\">ACCEDO<\/a>: objectius, entitas participants, fases, la plataforma d&#8217;Accedo, etc.<\/li>\n<li>L&#8217;aula \u00d2mnia i l&#8217;equipament adaptat<\/li>\n<li>Tasteig: visita de l&#8217;espai i torn obert de consultes<\/li>\n<\/ol>\n<p style=\"text-align: justify\">La primera part de la xerrada ser\u00e0\u00a0 a la \u00a0Sala d&#8217;actes <a href=\"http:\/\/c5wrdps.cat\/\">Casa Caritat <\/a>i el tasteig a l&#8217;\u00d2mnia 1.<\/p>\n<p style=\"text-align: justify\">La xerrada est\u00e0 adre\u00e7ada a persones amb discapacitat, fam\u00edlies, t\u00e8cnics i en general, oberta a tothom.<\/p>\n<div>\n<p style=\"text-align: justify\">L&#8217;horari\u00a0de la Pinzellada \u00e9s\u00a0de 15 a 17h.<\/p>\n<p style=\"text-align: justify\">\u00a0<\/p>\n<\/div>\n","protected":false},"excerpt":{"rendered":"<p>\u00a0\u00a0\u00a0\u00a0\u00a0\u00a0\u00a0\u00a0\u00a0\u00a0\u00a0\u00a0\u00a0\u00a0\u00a0\u00a0\u00a0\u00a0\u00a0\u00a0\u00a0\u00a0\u00a0\u00a0\u00a0\u00a0\u00a0\u00a0\u00a0\u00a0\u00a0\u00a0\u00a0\u00a0\u00a0\u00a0\u00a0\u00a0\u00a0\u00a0\u00a0\u00a0\u00a0\u00a0\u00a0\u00a0\u00a0\u00a0\u00a0\u00a0\u00a0\u00a0\u00a0\u00a0\u00a0\u00a0\u00a0\u00a0\u00a0\u00a0\u00a0\u00a0\u00a0\u00a0\u00a0\u00a0\u00a0\u00a0\u00a0\u00a0\u00a0\u00a0\u00a0\u00a0\u00a0\u00a0\u00a0\u00a0\u00a0\u00a0\u00a0\u00a0\u00a0\u00a0\u00a0\u00a0\u00a0\u00a0\u00a0\u00a0\u00a0\u00a0\u00a0\u00a0\u00a0\u00a0\u00a0\u00a0\u00a0\u00a0\u00a0\u00a0\u00a0\u00a0\u00a0\u00a0\u00a0\u00a0\u00a0\u00a0\u00a0\u00a0\u00a0\u00a0\u00a0\u00a0\u00a0\u00a0\u00a0\u00a0\u00a0\u00a0\u00a0\u00a0\u00a0\u00a0 \u00a0 Dem\u00e0, divendres 2 de desembre i coincidint amb el Dia Internacional de les persones amb Discapacitat, tenim prepararda, dins del nostre programa de Pinzellades digitals de tardor, la seg\u00fcent xerrada: L&#8217;aula \u00d2mnia, aula accessible. En aquesta xerrada col\u00b7laborar\u00e0 amb nosaltres el nostre company de la Xarxa \u00d2mnia,\u00a0Gabriel Gonz\u00e1lez Carrillo, T\u00e8cnic de l&#8217;\u00a0\u00e0rea de [&hellip;]<\/p>\n","protected":false},"author":187,"featured_media":0,"comment_status":"closed","ping_status":"open","sticky":false,"template":"","format":"standard","meta":{"footnotes":""},"categories":[411],"tags":[],"class_list":{"0":"post-3017","1":"post","2":"type-post","3":"status-publish","4":"format-standard","6":"category-noticies","7":"czr-hentry"},"_links":{"self":[{"href":"https:\/\/bloc.xarxa-omnia.org\/valls\/wp-json\/wp\/v2\/posts\/3017","targetHints":{"allow":["GET"]}}],"collection":[{"href":"https:\/\/bloc.xarxa-omnia.org\/valls\/wp-json\/wp\/v2\/posts"}],"about":[{"href":"https:\/\/bloc.xarxa-omnia.org\/valls\/wp-json\/wp\/v2\/types\/post"}],"author":[{"embeddable":true,"href":"https:\/\/bloc.xarxa-omnia.org\/valls\/wp-json\/wp\/v2\/users\/187"}],"replies":[{"embeddable":true,"href":"https:\/\/bloc.xarxa-omnia.org\/valls\/wp-json\/wp\/v2\/comments?post=3017"}],"version-history":[{"count":1,"href":"https:\/\/bloc.xarxa-omnia.org\/valls\/wp-json\/wp\/v2\/posts\/3017\/revisions"}],"predecessor-version":[{"id":5143,"href":"https:\/\/bloc.xarxa-omnia.org\/valls\/wp-json\/wp\/v2\/posts\/3017\/revisions\/5143"}],"wp:attachment":[{"href":"https:\/\/bloc.xarxa-omnia.org\/valls\/wp-json\/wp\/v2\/media?parent=3017"}],"wp:term":[{"taxonomy":"category","embeddable":true,"href":"https:\/\/bloc.xarxa-omnia.org\/valls\/wp-json\/wp\/v2\/categories?post=3017"},{"taxonomy":"post_tag","embeddable":true,"href":"https:\/\/bloc.xarxa-omnia.org\/valls\/wp-json\/wp\/v2\/tags?post=3017"}],"curies":[{"name":"wp","href":"https:\/\/api.w.org\/{rel}","templated":true}]}}