{"id":3380,"date":"2012-06-21T14:30:34","date_gmt":"2012-06-21T13:30:34","guid":{"rendered":"http:\/\/valls.xarxa-omnia.org\/?p=3380"},"modified":"2023-10-05T16:11:39","modified_gmt":"2023-10-05T16:11:39","slug":"acte-de-celebracio-dels-10-anys-de-lomnia-de-valls","status":"publish","type":"post","link":"https:\/\/bloc.xarxa-omnia.org\/valls\/2012\/06\/21\/acte-de-celebracio-dels-10-anys-de-lomnia-de-valls\/","title":{"rendered":"Acte de celebraci\u00f3 dels 10 anys de l&#8217;\u00d2mnia de Valls"},"content":{"rendered":"<p style=\"text-align: justify\">Dimarts passat vam celebrar els 10 anys de l&#8217;\u00d2mnia de Valls.<\/p>\n<p style=\"text-align: justify\">Va ser un acte molt bonic i emotiu. Molts de vosaltres ens vau acompanyar i us volem agrair sincerament la vostra pres\u00e8ncia. Ens vam sentir molt ben acompanyats per usuaris, t\u00e8cnics del projecte \u00d2mnia, entitats participants, representants\u00a0 de l&#8217;Ajuntament de Valls, gent de la casa, el nostre ponent Ricard Faura, etc.<\/p>\n<p style=\"text-align: justify\">Doncs gr\u00e0cies de nou i continuem treballant&#8230;<\/p>\n<p style=\"text-align: justify\">Not\u00edcia a <a href=\"http:\/\/www.vilaweb.cat\/noticia\/4021740\/20120620\/punt-omnia-valls-celebra-dese-aniversari.html\">VilaWeb<\/a><\/p>\n<p>\u00a0<\/p>\n","protected":false},"excerpt":{"rendered":"<p>Dimarts passat vam celebrar els 10 anys de l&#8217;\u00d2mnia de Valls. Va ser un acte molt bonic i emotiu. Molts de vosaltres ens vau acompanyar i us volem agrair sincerament la vostra pres\u00e8ncia. Ens vam sentir molt ben acompanyats per usuaris, t\u00e8cnics del projecte \u00d2mnia, entitats participants, representants\u00a0 de l&#8217;Ajuntament de Valls, gent de la [&hellip;]<\/p>\n","protected":false},"author":187,"featured_media":0,"comment_status":"closed","ping_status":"open","sticky":false,"template":"","format":"standard","meta":{"footnotes":""},"categories":[411],"tags":[],"class_list":{"0":"post-3380","1":"post","2":"type-post","3":"status-publish","4":"format-standard","6":"category-noticies","7":"czr-hentry"},"_links":{"self":[{"href":"https:\/\/bloc.xarxa-omnia.org\/valls\/wp-json\/wp\/v2\/posts\/3380","targetHints":{"allow":["GET"]}}],"collection":[{"href":"https:\/\/bloc.xarxa-omnia.org\/valls\/wp-json\/wp\/v2\/posts"}],"about":[{"href":"https:\/\/bloc.xarxa-omnia.org\/valls\/wp-json\/wp\/v2\/types\/post"}],"author":[{"embeddable":true,"href":"https:\/\/bloc.xarxa-omnia.org\/valls\/wp-json\/wp\/v2\/users\/187"}],"replies":[{"embeddable":true,"href":"https:\/\/bloc.xarxa-omnia.org\/valls\/wp-json\/wp\/v2\/comments?post=3380"}],"version-history":[{"count":1,"href":"https:\/\/bloc.xarxa-omnia.org\/valls\/wp-json\/wp\/v2\/posts\/3380\/revisions"}],"predecessor-version":[{"id":5122,"href":"https:\/\/bloc.xarxa-omnia.org\/valls\/wp-json\/wp\/v2\/posts\/3380\/revisions\/5122"}],"wp:attachment":[{"href":"https:\/\/bloc.xarxa-omnia.org\/valls\/wp-json\/wp\/v2\/media?parent=3380"}],"wp:term":[{"taxonomy":"category","embeddable":true,"href":"https:\/\/bloc.xarxa-omnia.org\/valls\/wp-json\/wp\/v2\/categories?post=3380"},{"taxonomy":"post_tag","embeddable":true,"href":"https:\/\/bloc.xarxa-omnia.org\/valls\/wp-json\/wp\/v2\/tags?post=3380"}],"curies":[{"name":"wp","href":"https:\/\/api.w.org\/{rel}","templated":true}]}}