{"id":3400,"date":"2012-06-29T13:55:46","date_gmt":"2012-06-29T12:55:46","guid":{"rendered":"http:\/\/valls.xarxa-omnia.org\/?p=3400"},"modified":"2023-10-05T16:11:39","modified_gmt":"2023-10-05T16:11:39","slug":"a-punt-de-comencar-els-tallers-tic-a-lespai-formacio","status":"publish","type":"post","link":"https:\/\/bloc.xarxa-omnia.org\/valls\/2012\/06\/29\/a-punt-de-comencar-els-tallers-tic-a-lespai-formacio\/","title":{"rendered":"A punt de comen\u00e7ar els tallers TIC a l&#8217;Espai Formaci\u00f3"},"content":{"rendered":"<p><a href=\"http:\/\/valls.xarxa-omnia.org\/wp-content\/uploads\/2012\/06\/229996_295346027228442_1486118223_n.jpg\"><img loading=\"lazy\" decoding=\"async\" class=\"alignleft size-medium wp-image-3401\" title=\"Espai Formaci\u00f3\" src=\"http:\/\/valls.xarxa-omnia.org\/wp-content\/uploads\/2012\/06\/229996_295346027228442_1486118223_n-200x268.jpg\" alt=\"\" width=\"200\" height=\"268\" \/><\/a><\/p>\n<p>&nbsp;<\/p>\n<p>Si no us heu apuntat als tallers TIC\u00a0 d&#8217;aquest estiu, encara ho podeu fer. L&#8217;oferta formativa \u00e9s pot consultar a l&#8217;<a href=\"http:\/\/www.c5wrdps.cat\/espai-formacio\/oferta-formativa\/\">Espai Formaci\u00f3.<\/a><\/p>\n<p>Podeu trobar els seg\u00fcents tallers:<\/p>\n<p>Prepara&#8217;t l&#8217;ACTIC B\u00e0sic<br \/>\nPrepara&#8217;t l&#8217;ACTIC Mitj\u00e0<br \/>\nMecanografi aInfants<br \/>\nMecanografia Adults<\/p>\n<p>&nbsp;<\/p>\n<p>Tamb\u00e9 us podeu apuntar a les Pinzellades de 2 hores:<\/p>\n<p>Presentacions amb PREZI<br \/>\n\u00c0lbums Digitals Hofmann<br \/>\nComen\u00e7a a piular\u00a0 amb Twitter<br \/>\nComparteix fotos i v\u00eddeos amb Pinterest<\/p>\n<p>&nbsp;<\/p>\n<p>Aquestes Pinzellades tenen una durada de 2 hores i un valor de 5\u20ac cadascuna. La primera, <strong>Presentacions amb PREZI<\/strong>,\u00a0 \u00e9s aquest <strong>dimecres 4 de juliol<\/strong> de 18 a 20h.<\/p>\n<p>Us convidem a participar als nostres tallers formatius. Us hi esperem!<\/p>\n","protected":false},"excerpt":{"rendered":"<p>&nbsp; Si no us heu apuntat als tallers TIC\u00a0 d&#8217;aquest estiu, encara ho podeu fer. L&#8217;oferta formativa \u00e9s pot consultar a l&#8217;Espai Formaci\u00f3. Podeu trobar els seg\u00fcents tallers: Prepara&#8217;t l&#8217;ACTIC B\u00e0sic Prepara&#8217;t l&#8217;ACTIC Mitj\u00e0 Mecanografi aInfants Mecanografia Adults &nbsp; Tamb\u00e9 us podeu apuntar a les Pinzellades de 2 hores: Presentacions amb PREZI \u00c0lbums Digitals Hofmann [&hellip;]<\/p>\n","protected":false},"author":187,"featured_media":0,"comment_status":"closed","ping_status":"open","sticky":false,"template":"","format":"standard","meta":{"footnotes":""},"categories":[411],"tags":[],"class_list":{"0":"post-3400","1":"post","2":"type-post","3":"status-publish","4":"format-standard","6":"category-noticies","7":"czr-hentry"},"_links":{"self":[{"href":"https:\/\/bloc.xarxa-omnia.org\/valls\/wp-json\/wp\/v2\/posts\/3400","targetHints":{"allow":["GET"]}}],"collection":[{"href":"https:\/\/bloc.xarxa-omnia.org\/valls\/wp-json\/wp\/v2\/posts"}],"about":[{"href":"https:\/\/bloc.xarxa-omnia.org\/valls\/wp-json\/wp\/v2\/types\/post"}],"author":[{"embeddable":true,"href":"https:\/\/bloc.xarxa-omnia.org\/valls\/wp-json\/wp\/v2\/users\/187"}],"replies":[{"embeddable":true,"href":"https:\/\/bloc.xarxa-omnia.org\/valls\/wp-json\/wp\/v2\/comments?post=3400"}],"version-history":[{"count":1,"href":"https:\/\/bloc.xarxa-omnia.org\/valls\/wp-json\/wp\/v2\/posts\/3400\/revisions"}],"predecessor-version":[{"id":5119,"href":"https:\/\/bloc.xarxa-omnia.org\/valls\/wp-json\/wp\/v2\/posts\/3400\/revisions\/5119"}],"wp:attachment":[{"href":"https:\/\/bloc.xarxa-omnia.org\/valls\/wp-json\/wp\/v2\/media?parent=3400"}],"wp:term":[{"taxonomy":"category","embeddable":true,"href":"https:\/\/bloc.xarxa-omnia.org\/valls\/wp-json\/wp\/v2\/categories?post=3400"},{"taxonomy":"post_tag","embeddable":true,"href":"https:\/\/bloc.xarxa-omnia.org\/valls\/wp-json\/wp\/v2\/tags?post=3400"}],"curies":[{"name":"wp","href":"https:\/\/api.w.org\/{rel}","templated":true}]}}