{"id":3508,"date":"2012-09-25T13:46:29","date_gmt":"2012-09-25T12:46:29","guid":{"rendered":"http:\/\/valls.xarxa-omnia.org\/?p=3508"},"modified":"2023-10-05T16:11:25","modified_gmt":"2023-10-05T16:11:25","slug":"dema-comences-les-jornades-2-0-a-lhotel-class-de-valls","status":"publish","type":"post","link":"https:\/\/bloc.xarxa-omnia.org\/valls\/2012\/09\/25\/dema-comences-les-jornades-2-0-a-lhotel-class-de-valls\/","title":{"rendered":"Dem\u00e0 comencen les Jornades 2.0 a l&#8217;Hotel Class de Valls"},"content":{"rendered":"<p style=\"text-align: justify\"><a href=\"http:\/\/valls.xarxa-omnia.org\/wp-content\/uploads\/2012\/08\/Programa-2102-4.jpg\"><img loading=\"lazy\" decoding=\"async\" class=\"alignleft size-medium wp-image-3460\" title=\"Programa xerrades WEB 2.0\" src=\"http:\/\/valls.xarxa-omnia.org\/wp-content\/uploads\/2012\/08\/Programa-2102-4-200x282.jpg\" alt=\"\" width=\"198\" height=\"279\" \/><\/a>Dem\u00e0 dimecres 26 de setembre a les 20 hores comencen les Jornades 2.0 organitzades per Vallsgenera i\u00a0 l&#8217;Hotel Class de Valls amb motiu del 10\u00e8 aniversari del Punt \u00d2mnia de Valls.<\/p>\n<p style=\"text-align: justify\">La primera de les xerrades \u00e9s &#8220;<strong>Els avantatges del Comer\u00e7 eletr\u00f2nic<\/strong>&#8221; i el ponent convidat \u00e9s l&#8217;Agust\u00ed L\u00f3pez, Director general de l&#8217;<a href=\"http:\/\/www.inspiraproject.com\/\">Inspira Project.<\/a><\/p>\n<p style=\"text-align: justify\">Aquesta primera xerrada \u00e9s especialment interessant per a emprenedors i aut\u00f2noms i us convidem a tots i totes a participar-hi d&#8217;aquestes jornades.<\/p>\n<p style=\"text-align: justify\">La xerrada tindr\u00e0 una\u00a0 durada\u00a0 d&#8217;una hora aproximadament. La primera part\u00a0 ser\u00e0 una presentaci\u00f3 a c\u00e0rrec del ponent per a donar pas a les consultes,\u00a0 dubtes i comentaris dels assistents. La idea \u00e9s que sigui una xerrada molt pr\u00e0ctica i participativa.<\/p>\n<p style=\"text-align: justify\">Les xerrades es realitzaran un cop al m\u00e9s i l&#8217;assist\u00e8ncia \u00e9s lliure per a tothom. Tan sols es recomana confirmar l&#8217;assist\u00e8ncia al tel\u00e8fon 977 612010.<\/p>\n<p style=\"text-align: justify\">Esteu tots i totes convidats. Us hi esperem!<\/p>\n<p style=\"text-align: justify\">\n<p style=\"text-align: justify\">\n<p style=\"text-align: justify\">\n<p style=\"text-align: justify\">\n<p style=\"text-align: justify\">\n<p style=\"text-align: justify\">\n","protected":false},"excerpt":{"rendered":"<p>Dem\u00e0 dimecres 26 de setembre a les 20 hores comencen les Jornades 2.0 organitzades per Vallsgenera i\u00a0 l&#8217;Hotel Class de Valls amb motiu del 10\u00e8 aniversari del Punt \u00d2mnia de Valls. La primera de les xerrades \u00e9s &#8220;Els avantatges del Comer\u00e7 eletr\u00f2nic&#8221; i el ponent convidat \u00e9s l&#8217;Agust\u00ed L\u00f3pez, Director general de l&#8217;Inspira Project. Aquesta [&hellip;]<\/p>\n","protected":false},"author":187,"featured_media":0,"comment_status":"closed","ping_status":"open","sticky":false,"template":"","format":"standard","meta":{"footnotes":""},"categories":[411],"tags":[],"class_list":{"0":"post-3508","1":"post","2":"type-post","3":"status-publish","4":"format-standard","6":"category-noticies","7":"czr-hentry"},"_links":{"self":[{"href":"https:\/\/bloc.xarxa-omnia.org\/valls\/wp-json\/wp\/v2\/posts\/3508","targetHints":{"allow":["GET"]}}],"collection":[{"href":"https:\/\/bloc.xarxa-omnia.org\/valls\/wp-json\/wp\/v2\/posts"}],"about":[{"href":"https:\/\/bloc.xarxa-omnia.org\/valls\/wp-json\/wp\/v2\/types\/post"}],"author":[{"embeddable":true,"href":"https:\/\/bloc.xarxa-omnia.org\/valls\/wp-json\/wp\/v2\/users\/187"}],"replies":[{"embeddable":true,"href":"https:\/\/bloc.xarxa-omnia.org\/valls\/wp-json\/wp\/v2\/comments?post=3508"}],"version-history":[{"count":1,"href":"https:\/\/bloc.xarxa-omnia.org\/valls\/wp-json\/wp\/v2\/posts\/3508\/revisions"}],"predecessor-version":[{"id":5109,"href":"https:\/\/bloc.xarxa-omnia.org\/valls\/wp-json\/wp\/v2\/posts\/3508\/revisions\/5109"}],"wp:attachment":[{"href":"https:\/\/bloc.xarxa-omnia.org\/valls\/wp-json\/wp\/v2\/media?parent=3508"}],"wp:term":[{"taxonomy":"category","embeddable":true,"href":"https:\/\/bloc.xarxa-omnia.org\/valls\/wp-json\/wp\/v2\/categories?post=3508"},{"taxonomy":"post_tag","embeddable":true,"href":"https:\/\/bloc.xarxa-omnia.org\/valls\/wp-json\/wp\/v2\/tags?post=3508"}],"curies":[{"name":"wp","href":"https:\/\/api.w.org\/{rel}","templated":true}]}}