{"id":3673,"date":"2013-04-17T08:49:09","date_gmt":"2013-04-17T07:49:09","guid":{"rendered":"http:\/\/valls.xarxa-omnia.org\/?p=3673"},"modified":"2023-10-05T16:11:24","modified_gmt":"2023-10-05T16:11:24","slug":"usos-i-potencialitats-del-branding-en-temps-de-crisi","status":"publish","type":"post","link":"https:\/\/bloc.xarxa-omnia.org\/valls\/2013\/04\/17\/usos-i-potencialitats-del-branding-en-temps-de-crisi\/","title":{"rendered":"Jornades 2.0: Usos i potencialitats del branding en temps de crisi"},"content":{"rendered":"<p style=\"text-align: justify\">El prope<a href=\"http:\/\/bloc.xarxa-omnia.org\/valls\/files\/2013\/04\/10012_OK.jpg\"><img loading=\"lazy\" decoding=\"async\" class=\"alignleft\" src=\"http:\/\/valls.xarxa-omnia.org\/wp-content\/uploads\/2013\/04\/10012_OK-200x150.jpg\" alt=\"10012_OK\" width=\"200\" height=\"150\" \/><\/a>r\u00a0dimecres 24 d&#8217;abril continuen les Jornades 2.0. En aquesta ocasi\u00f3 la xerrada \u00e9s <strong>&#8220;Noves tecnologies i comunicaci\u00f3 2.0: usos i potencialitats del branding de les empreses en temps de crisi&#8221;.<\/strong><\/p>\n<p lang=\"es-AR\" style=\"text-align: justify\" align=\"JUSTIFY\">L&#8217;encarregada de la xerrada ser\u00e0 l&#8217;<a href=\"http:\/\/www.urv.cat\/asterisc\/es_cv_ahuertas.html\">Assumpci\u00f3 Huertas,<\/a> professora dels Estudis de Comunicaci\u00f3 de la Universitat Rovira i Virgili i membre del grup d\u2019investigaci\u00f3 Asterisc, de la mateixa universitat.<\/p>\n<p lang=\"es-AR\" style=\"text-align: justify\" align=\"JUSTIFY\">Imparteix doc\u00e8ncia en el Grau de Comunicaci\u00f3 i en el M\u00e0ster de Comunicaci\u00f3 Pol\u00edtica, Institucional i Corporativa de la URV. Ha publicat diversos articles i llibres i les seves l\u00ednies d\u2019investigaci\u00f3\u00a0se centren en la comunicaci\u00f3 i el <em>branding<\/em> de les destinacions tur\u00edstiques i en diversos \u00e0mbits de les relacions p\u00fabliques.<\/p>\n<p lang=\"ca-ES\" style=\"text-align: justify\">En aquesta xerrada podrem con\u00e8ixer els avantatges de la utilitzaci\u00f3 de la comunicaci\u00f3\u00a0 2.0.\u00a0 Els consumidors\u00a0 poden aportar els seus comentaris, opinions i valoracions a trav\u00e9s de les xarxes socials i d&#8217;altres espais de la web\u00a0 i tamb\u00e9 poden crear continguts a la xarxa. Tot aix\u00f2\u00a0 suposa un gran canvi i un nou repte per a les empreses i les organitzacions.<\/p>\n<p lang=\"ca-ES\" style=\"text-align: justify\">Per una altra banda, el <a href=\"http:\/\/es.wikipedia.org\/wiki\/Branding\">branding,<\/a> engloba el proc\u00e9s de creaci\u00f3, gesti\u00f3 i comunicaci\u00f3 de les marques. \u00c9s un concepte que va sorgir de la disciplina del m\u00e0rqueting i pels productes de consum i s\u2019ha anat estenent a tot tipus de productes, serveis, empreses, institucions, esdeveniments i, fins i tot, ciutats i territoris.<\/p>\n<p lang=\"ca-ES\" style=\"text-align: justify\">Segons les paraules de l&#8217;Assumpci\u00f3 Huertas, &#8220;els productes i les empreses que facin un bon branding i que es comuniquin estrat\u00e8gicament i eficientment a trav\u00e9s de la comunicaci\u00f3 2.0 tenen moltes m\u00e9s possibilitats d\u2019\u00e8xit que les que no ho facin. Les crisis, generalment empitjoren la situaci\u00f3 de la majoria d\u2019empreses i organitzacions, per\u00f2 tamb\u00e9 suposen oportunitats per aquelles que saben treure partit de les situacions adverses&#8221;.<\/p>\n<p lang=\"es-AR\" style=\"text-align: justify\" align=\"JUSTIFY\">La xerrada, com sempre, ser\u00e0 a les 8 del vespre a l&#8217;<a href=\"http:\/\/www.hotelclassvalls.com\/\">Hotel Class de Valls<\/a> i esteu tots i totes convidats.<\/p>\n<p lang=\"es-AR\" style=\"text-align: justify\" align=\"JUSTIFY\">Podeu confirmar la vostra assist\u00e8ncia al 977 612010<\/p>\n<p lang=\"es-AR\" style=\"text-align: justify\" align=\"JUSTIFY\">Podeu veure les fotos <a href=\"https:\/\/plus.google.com\/u\/0\/photos\/117920816495815716142\/albums\/5870743128039193105?authkey=CPz_hPDus-ruDQ\">AQU\u00cd<\/a><\/p>\n<p lang=\"es-AR\" style=\"text-align: justify\" align=\"JUSTIFY\">Podeu accedir a la presentaci\u00f3: <a href=\"http:\/\/bloc.xarxa-omnia.org\/valls\/files\/2013\/04\/Conferencia-Valls_24abril.pdf\">Conferencia Valls_24 abril<\/a><\/p>\n","protected":false},"excerpt":{"rendered":"<p>El proper\u00a0dimecres 24 d&#8217;abril continuen les Jornades 2.0. En aquesta ocasi\u00f3 la xerrada \u00e9s &#8220;Noves tecnologies i comunicaci\u00f3 2.0: usos i potencialitats del branding de les empreses en temps de crisi&#8221;. L&#8217;encarregada de la xerrada ser\u00e0 l&#8217;Assumpci\u00f3 Huertas, professora dels Estudis de Comunicaci\u00f3 de la Universitat Rovira i Virgili i membre del grup d\u2019investigaci\u00f3 Asterisc, [&hellip;]<\/p>\n","protected":false},"author":187,"featured_media":0,"comment_status":"closed","ping_status":"open","sticky":false,"template":"","format":"standard","meta":{"footnotes":""},"categories":[411],"tags":[],"class_list":{"0":"post-3673","1":"post","2":"type-post","3":"status-publish","4":"format-standard","6":"category-noticies","7":"czr-hentry"},"_links":{"self":[{"href":"https:\/\/bloc.xarxa-omnia.org\/valls\/wp-json\/wp\/v2\/posts\/3673","targetHints":{"allow":["GET"]}}],"collection":[{"href":"https:\/\/bloc.xarxa-omnia.org\/valls\/wp-json\/wp\/v2\/posts"}],"about":[{"href":"https:\/\/bloc.xarxa-omnia.org\/valls\/wp-json\/wp\/v2\/types\/post"}],"author":[{"embeddable":true,"href":"https:\/\/bloc.xarxa-omnia.org\/valls\/wp-json\/wp\/v2\/users\/187"}],"replies":[{"embeddable":true,"href":"https:\/\/bloc.xarxa-omnia.org\/valls\/wp-json\/wp\/v2\/comments?post=3673"}],"version-history":[{"count":1,"href":"https:\/\/bloc.xarxa-omnia.org\/valls\/wp-json\/wp\/v2\/posts\/3673\/revisions"}],"predecessor-version":[{"id":5095,"href":"https:\/\/bloc.xarxa-omnia.org\/valls\/wp-json\/wp\/v2\/posts\/3673\/revisions\/5095"}],"wp:attachment":[{"href":"https:\/\/bloc.xarxa-omnia.org\/valls\/wp-json\/wp\/v2\/media?parent=3673"}],"wp:term":[{"taxonomy":"category","embeddable":true,"href":"https:\/\/bloc.xarxa-omnia.org\/valls\/wp-json\/wp\/v2\/categories?post=3673"},{"taxonomy":"post_tag","embeddable":true,"href":"https:\/\/bloc.xarxa-omnia.org\/valls\/wp-json\/wp\/v2\/tags?post=3673"}],"curies":[{"name":"wp","href":"https:\/\/api.w.org\/{rel}","templated":true}]}}