{"id":4094,"date":"2014-05-30T09:27:10","date_gmt":"2014-05-30T08:27:10","guid":{"rendered":"http:\/\/valls.xarxa-omnia.org\/?p=4094"},"modified":"2023-10-05T16:11:04","modified_gmt":"2023-10-05T16:11:04","slug":"dones-i-tic-al-mon-de-lempresa-2","status":"publish","type":"post","link":"https:\/\/bloc.xarxa-omnia.org\/valls\/2014\/05\/30\/dones-i-tic-al-mon-de-lempresa-2\/","title":{"rendered":"Dones i TIC al m\u00f3n de l&#8217;empresa"},"content":{"rendered":"<p style=\"text-align: justify\"><a href=\"http:\/\/bloc.xarxa-omnia.org\/valls\/files\/2014\/05\/sabata.png\"><img loading=\"lazy\" decoding=\"async\" class=\"alignleft size-medium wp-image-4100\" src=\"http:\/\/valls.xarxa-omnia.org\/wp-content\/uploads\/2014\/05\/sabata-200x149.png\" alt=\"sabata\" width=\"200\" height=\"149\" \/><\/a>Dimecres passat vam poder sentir la Teresa Torres i la Iolanda Gatell explicant, la primera, una mica el mapa de la situaci\u00f3 de les dones a l&#8217;\u00e0mbit de l&#8217;empresa, l&#8217;emprenedoria i concretament les TIC. La segona, ens va \u00a0explicar l&#8217;extraordin\u00e0ria traject\u00f2ria de la seva carrera empresarial i de la seva empresa, <a href=\"http:\/\/www.ctaima.com\/\">CTAIMA<\/a>.<\/p>\n<p style=\"text-align: justify\">Segons la presentaci\u00f3 de la Doctora en Administaci\u00f3 i gesti\u00f3 d&#8217;empreses i professora de la URV, Teresa Torres, segons recents estad\u00edstiques, de cada 1000 dones, 4 treballen en el sector TIC, en relaci\u00f3 amb els homes, que de cada 1000, hi treballen 20 al sector de les TIC. El\u00a020% dels graduats en inform\u00e0tica s\u00f3n dones i nom\u00e9s el 9% de desenvolupadors Apps s\u00f3n dones, encara que hi ha una previsi\u00f3 de\u00a05 milions de llocs de treball al sector App per l\u2019any\u00a02018.<\/p>\n<p style=\"text-align: justify\">Les dones emprenedores en el sector ci\u00e8ncia i tecnologia \u00a0fluctuen del 5 al 15%, per tant es pot dir que hi ha una clara segregaci\u00f3 en els sectors amb m\u00e9s potencial i m\u00e9s innovaci\u00f3.<\/p>\n<p style=\"text-align: justify\">Podeu veure la seva presentaci\u00f3 aqu\u00ed:\u00a0<a href=\"http:\/\/bloc.xarxa-omnia.org\/valls\/files\/2014\/05\/Dones-i-TIC-al-m\u00f3n-de-lempresa.pdf\">Dones i TIC al m\u00f3n de l&#8217;empresa<\/a><\/p>\n<p style=\"text-align: justify\">Per la seva banda, la Iolanda Gatell va explicar com amb 27 anys va emprendre l&#8217;aventura emprenedora i empresarial en solitari i com davant de les enormes dificultats dels inicis va aconseguir remuntar la seva empresa fins 10 anys m\u00e9s tard, posicionar-se com a una consultora de primera l\u00ednia en els \u00e0mbits de la qualitat, medi ambient, prevenci\u00f3 i \u00faltimament amb el desenvolupament de <em>software<\/em> a la mida de les necessitats dels seus clients.<\/p>\n<p style=\"text-align: justify\">Amb oficines a Tarragona i Madrid i pres\u00e8ncia a diferents pa\u00efsos d&#8217;Europa, estan en creixement constant i els valors, reconeix la Iolanda Gatell s\u00f3n: esfor\u00e7, integritat, vocaci\u00f3 de servei, excel\u00b7l\u00e8ncia i innovaci\u00f3.<\/p>\n<p style=\"text-align: justify\">Podeu veure la seva presentaci\u00f3 aqu\u00ed:\u00a0<a href=\"http:\/\/bloc.xarxa-omnia.org\/valls\/files\/2014\/05\/CTAIMA_VALLS.pdf\">CTAIMA_VALLS<\/a><\/p>\n<p style=\"text-align: justify\">Les fotos de la jornada:<\/p>\n<p style=\"text-align: justify\"><span style=\"font-size: 13px\">Recordeu que les Jornades 2.0 continuen i que la nostra propera xerrada \u00e9s: &#8220;<\/span><strong style=\"font-size: 13px\"><span style=\"color: #0000ff\">Comunicaci\u00f3 digital corporativa: Un correcte \u00fas del Social M\u00e8dia per a una comunicaci\u00f3 efectiva&#8221;.<\/span><\/strong><\/p>\n<p style=\"text-align: justify\"><span style=\"color: #000000\">La xerrada ser\u00e0 el proper 19 de juny a les 19.30 h a l&#8217;Hotel Class de Valls i la ponent en aquesta ocasi\u00f3 \u00e9s la professora d&#8217;estudis de comunicaci\u00f3 de la URV, <strong>Assumpci\u00f3 Huertas.\u00a0<\/strong><\/span><\/p>\n<p style=\"text-align: justify\">Nota: la foto de la sabata, estreta de la presentaci\u00f3 de la Dra. Teresa Torres<\/p>\n","protected":false},"excerpt":{"rendered":"<p>Dimecres passat vam poder sentir la Teresa Torres i la Iolanda Gatell explicant, la primera, una mica el mapa de la situaci\u00f3 de les dones a l&#8217;\u00e0mbit de l&#8217;empresa, l&#8217;emprenedoria i concretament les TIC. La segona, ens va \u00a0explicar l&#8217;extraordin\u00e0ria traject\u00f2ria de la seva carrera empresarial i de la seva empresa, CTAIMA. Segons la presentaci\u00f3 [&hellip;]<\/p>\n","protected":false},"author":187,"featured_media":0,"comment_status":"closed","ping_status":"open","sticky":false,"template":"","format":"standard","meta":{"footnotes":""},"categories":[32660,411],"tags":[],"class_list":{"0":"post-4094","1":"post","2":"type-post","3":"status-publish","4":"format-standard","6":"category-jornades-2-0","7":"category-noticies","8":"czr-hentry"},"_links":{"self":[{"href":"https:\/\/bloc.xarxa-omnia.org\/valls\/wp-json\/wp\/v2\/posts\/4094","targetHints":{"allow":["GET"]}}],"collection":[{"href":"https:\/\/bloc.xarxa-omnia.org\/valls\/wp-json\/wp\/v2\/posts"}],"about":[{"href":"https:\/\/bloc.xarxa-omnia.org\/valls\/wp-json\/wp\/v2\/types\/post"}],"author":[{"embeddable":true,"href":"https:\/\/bloc.xarxa-omnia.org\/valls\/wp-json\/wp\/v2\/users\/187"}],"replies":[{"embeddable":true,"href":"https:\/\/bloc.xarxa-omnia.org\/valls\/wp-json\/wp\/v2\/comments?post=4094"}],"version-history":[{"count":1,"href":"https:\/\/bloc.xarxa-omnia.org\/valls\/wp-json\/wp\/v2\/posts\/4094\/revisions"}],"predecessor-version":[{"id":5071,"href":"https:\/\/bloc.xarxa-omnia.org\/valls\/wp-json\/wp\/v2\/posts\/4094\/revisions\/5071"}],"wp:attachment":[{"href":"https:\/\/bloc.xarxa-omnia.org\/valls\/wp-json\/wp\/v2\/media?parent=4094"}],"wp:term":[{"taxonomy":"category","embeddable":true,"href":"https:\/\/bloc.xarxa-omnia.org\/valls\/wp-json\/wp\/v2\/categories?post=4094"},{"taxonomy":"post_tag","embeddable":true,"href":"https:\/\/bloc.xarxa-omnia.org\/valls\/wp-json\/wp\/v2\/tags?post=4094"}],"curies":[{"name":"wp","href":"https:\/\/api.w.org\/{rel}","templated":true}]}}