{"id":4452,"date":"2015-04-10T13:30:06","date_gmt":"2015-04-10T12:30:06","guid":{"rendered":"http:\/\/valls.xarxa-omnia.org\/?p=4452"},"modified":"2023-10-05T16:09:47","modified_gmt":"2023-10-05T16:09:47","slug":"propers-tallers-al-punt-omnia","status":"publish","type":"post","link":"https:\/\/bloc.xarxa-omnia.org\/valls\/2015\/04\/10\/propers-tallers-al-punt-omnia\/","title":{"rendered":"Propers tallers al Punt \u00d2mnia"},"content":{"rendered":"<p>La set<img loading=\"lazy\" decoding=\"async\" class=\"alignleft size-medium wp-image-4453\" src=\"http:\/\/valls.xarxa-omnia.org\/wp-content\/uploads\/2015\/04\/Cartell-punt-de-llibre-133x300.jpg\" alt=\"Cartell punt de llibre\" width=\"133\" height=\"300\" srcset=\"https:\/\/bloc.xarxa-omnia.org\/valls\/files\/2015\/04\/Cartell-punt-de-llibre-133x300.jpg 133w, https:\/\/bloc.xarxa-omnia.org\/valls\/files\/2015\/04\/Cartell-punt-de-llibre-455x1024.jpg 455w, https:\/\/bloc.xarxa-omnia.org\/valls\/files\/2015\/04\/Cartell-punt-de-llibre.jpg 493w\" sizes=\"auto, (max-width: 133px) 100vw, 133px\" \/>mana vinent tenim 2 propostes de tallers, un adre\u00e7ats a persones adultes i l&#8217;altre adre\u00e7at a joves.<\/p>\n<p>El primer, <span style=\"color: #993300\"><strong>CREA PUNTS DE LLIBRE PER SANT JORDI<\/strong><\/span>,\u00a0 els dies dimarts 14 i 21 d&#8217;abril de 11 a 13 h al Centre C\u00edvic de Valls (Ca Creus) i el segon, adre\u00e7at a nens i joves, <strong><span style=\"color: #ff6600\">APR\u00c8N A PROGRAMAR AMB SCRATCH<\/span><\/strong>,\u00a0 els dimecres 15 i 22 d&#8217;abril de 18 a 20 h. Per a poder participar cal que us apunteu al Centre C\u00edvic de\u00a0 Ca Creus. Vinga que encara queda alguna pla\u00e7a!<\/p>\n<p><a href=\"http:\/\/bloc.xarxa-omnia.org\/valls\/files\/2015\/04\/Cartell-scratch.jpg\"><img loading=\"lazy\" decoding=\"async\" class=\"alignleft size-medium wp-image-4454\" src=\"http:\/\/valls.xarxa-omnia.org\/wp-content\/uploads\/2015\/04\/Cartell-scratch-200x143.jpg\" alt=\"Cartell scratch\" width=\"200\" height=\"143\" \/><\/a><\/p>\n<p>&nbsp;<\/p>\n<p>&nbsp;<\/p>\n<p>&nbsp;<\/p>\n<p>&nbsp;<\/p>\n<p>&nbsp;<\/p>\n<p>&nbsp;<\/p>\n<p>&nbsp;<\/p>\n<p>&nbsp;<\/p>\n<p>&nbsp;<\/p>\n","protected":false},"excerpt":{"rendered":"<p>La setmana vinent tenim 2 propostes de tallers, un adre\u00e7ats a persones adultes i l&#8217;altre adre\u00e7at a joves. El primer, CREA PUNTS DE LLIBRE PER SANT JORDI,\u00a0 els dies dimarts 14 i 21 d&#8217;abril de 11 a 13 h al Centre C\u00edvic de Valls (Ca Creus) i el segon, adre\u00e7at a nens i joves, APR\u00c8N [&hellip;]<\/p>\n","protected":false},"author":187,"featured_media":0,"comment_status":"closed","ping_status":"open","sticky":false,"template":"","format":"standard","meta":{"footnotes":""},"categories":[411],"tags":[],"class_list":{"0":"post-4452","1":"post","2":"type-post","3":"status-publish","4":"format-standard","6":"category-noticies","7":"czr-hentry"},"_links":{"self":[{"href":"https:\/\/bloc.xarxa-omnia.org\/valls\/wp-json\/wp\/v2\/posts\/4452","targetHints":{"allow":["GET"]}}],"collection":[{"href":"https:\/\/bloc.xarxa-omnia.org\/valls\/wp-json\/wp\/v2\/posts"}],"about":[{"href":"https:\/\/bloc.xarxa-omnia.org\/valls\/wp-json\/wp\/v2\/types\/post"}],"author":[{"embeddable":true,"href":"https:\/\/bloc.xarxa-omnia.org\/valls\/wp-json\/wp\/v2\/users\/187"}],"replies":[{"embeddable":true,"href":"https:\/\/bloc.xarxa-omnia.org\/valls\/wp-json\/wp\/v2\/comments?post=4452"}],"version-history":[{"count":1,"href":"https:\/\/bloc.xarxa-omnia.org\/valls\/wp-json\/wp\/v2\/posts\/4452\/revisions"}],"predecessor-version":[{"id":5038,"href":"https:\/\/bloc.xarxa-omnia.org\/valls\/wp-json\/wp\/v2\/posts\/4452\/revisions\/5038"}],"wp:attachment":[{"href":"https:\/\/bloc.xarxa-omnia.org\/valls\/wp-json\/wp\/v2\/media?parent=4452"}],"wp:term":[{"taxonomy":"category","embeddable":true,"href":"https:\/\/bloc.xarxa-omnia.org\/valls\/wp-json\/wp\/v2\/categories?post=4452"},{"taxonomy":"post_tag","embeddable":true,"href":"https:\/\/bloc.xarxa-omnia.org\/valls\/wp-json\/wp\/v2\/tags?post=4452"}],"curies":[{"name":"wp","href":"https:\/\/api.w.org\/{rel}","templated":true}]}}