{"id":4502,"date":"2015-04-29T08:25:46","date_gmt":"2015-04-29T07:25:46","guid":{"rendered":"http:\/\/valls.xarxa-omnia.org\/?p=4502"},"modified":"2023-10-05T16:09:47","modified_gmt":"2023-10-05T16:09:47","slug":"propers-activitats-al-punt-omnia-de-valls","status":"publish","type":"post","link":"https:\/\/bloc.xarxa-omnia.org\/valls\/2015\/04\/29\/propers-activitats-al-punt-omnia-de-valls\/","title":{"rendered":"Properes activitats al Punt \u00d2mnia de Valls"},"content":{"rendered":"<div>El Punt \u00d2mnia de Valls organitza per als propers dies les seg\u00fcents activitats:<\/div>\n<div><\/div>\n<p>&nbsp;<\/p>\n<ul>\n<li><span style=\"color: #339966\"><strong>El blog com a eina de desenvolupament personal i professional<\/strong><\/span>. Xerrada del cicle de Jornades 2.0. <span id=\"OBJ_PREFIX_DWT187_com_zimbra_date\" class=\"Object\">Dijous<\/span> 30 d&#8217;abril a les 19.30 h, amb Raquel Cantos de Dol\u00e7a Fantasia i Txaber Allue de El cocinero Fiel. Lloc: Hotel Class de Valls.<\/li>\n<li><strong><span style=\"color: #339966\">Crea la teva app amb Appinventor. <\/span><\/strong>Taller nens i joves. <span id=\"OBJ_PREFIX_DWT188_com_zimbra_date\" class=\"Object\">Dimecres<\/span> 6, 13, 20 i 27 de maig. De 18 a 20 h. Lloc: Centre C\u00edvic de Ca Creus.<\/li>\n<li><b><span style=\"color: #339966\">Vols crear el teu blog? <\/span><\/b>Taller per a adults. <span id=\"OBJ_PREFIX_DWT189_com_zimbra_date\" class=\"Object\">Dimarts<\/span> 12 i 19 de maig. De 11 a 13 h. Lloc: Centre C\u00edvic de Ca Creus<\/li>\n<\/ul>\n<p><img loading=\"lazy\" decoding=\"async\" class=\"alignleft  wp-image-4506\" src=\"http:\/\/valls.xarxa-omnia.org\/wp-content\/uploads\/2015\/04\/Programa30-04-200x141.jpg\" alt=\"Programa30-04\" width=\"148\" height=\"104\" \/><img loading=\"lazy\" decoding=\"async\" class=\"alignleft wp-image-4503 \" src=\"http:\/\/valls.xarxa-omnia.org\/wp-content\/uploads\/2015\/04\/cARTELL-TALLER-DE-BLOG-200x198.jpg\" alt=\"cARTELL TALLER DE BLOG\" width=\"144\" height=\"143\" \/><\/p>\n<p><img loading=\"lazy\" decoding=\"async\" class=\"alignleft  wp-image-4504\" src=\"http:\/\/valls.xarxa-omnia.org\/wp-content\/uploads\/2015\/04\/Cartell-app_inventor-200x132.jpg\" alt=\"Cartell app_inventor\" width=\"164\" height=\"108\" \/><\/p>\n<p>&nbsp;<\/p>\n<p>&nbsp;<\/p>\n<p>&nbsp;<\/p>\n<p>&nbsp;<\/p>\n<p>&nbsp;<\/p>\n<p>&nbsp;<\/p>\n<p>&nbsp;<\/p>\n<p>&nbsp;<\/p>\n<p>Per a m\u00e9s informaci\u00f3:<\/p>\n<ul>\n<li><strong>Vallsgenera: <\/strong>977 612010omniavalls@gmail.com<\/li>\n<li><strong>Centre C\u00edvic Ca Creus:<\/strong>\u00a0977 609849\u00a0 centrecivic@valls.cat<\/li>\n<\/ul>\n<p>&nbsp;<\/p>\n<p>&nbsp;<\/p>\n<div style=\"text-align: justify\"><\/div>\n<div style=\"text-align: justify\"><\/div>\n<div style=\"text-align: justify\"><\/div>\n<div style=\"text-align: justify\"><\/div>\n<div style=\"text-align: justify\"><\/div>\n<div style=\"text-align: justify\"><\/div>\n<div style=\"text-align: justify\"><\/div>\n<div style=\"text-align: justify\"><\/div>\n<div style=\"text-align: justify\"><\/div>\n<div style=\"text-align: justify\"><\/div>\n<div style=\"text-align: justify\"><\/div>\n<div style=\"text-align: justify\"><\/div>\n<div style=\"text-align: justify\"><\/div>\n<div style=\"text-align: justify\"><\/div>\n<div style=\"text-align: justify\"><\/div>\n<div style=\"text-align: justify\"><\/div>\n<div style=\"text-align: justify\"><\/div>\n<div style=\"text-align: justify\"><\/div>\n<div style=\"text-align: justify\"><\/div>\n","protected":false},"excerpt":{"rendered":"<p>El Punt \u00d2mnia de Valls organitza per als propers dies les seg\u00fcents activitats: &nbsp; El blog com a eina de desenvolupament personal i professional. Xerrada del cicle de Jornades 2.0. Dijous 30 d&#8217;abril a les 19.30 h, amb Raquel Cantos de Dol\u00e7a Fantasia i Txaber Allue de El cocinero Fiel. Lloc: Hotel Class de Valls. [&hellip;]<\/p>\n","protected":false},"author":187,"featured_media":0,"comment_status":"closed","ping_status":"open","sticky":false,"template":"","format":"standard","meta":{"footnotes":""},"categories":[411],"tags":[],"class_list":{"0":"post-4502","1":"post","2":"type-post","3":"status-publish","4":"format-standard","6":"category-noticies","7":"czr-hentry"},"_links":{"self":[{"href":"https:\/\/bloc.xarxa-omnia.org\/valls\/wp-json\/wp\/v2\/posts\/4502","targetHints":{"allow":["GET"]}}],"collection":[{"href":"https:\/\/bloc.xarxa-omnia.org\/valls\/wp-json\/wp\/v2\/posts"}],"about":[{"href":"https:\/\/bloc.xarxa-omnia.org\/valls\/wp-json\/wp\/v2\/types\/post"}],"author":[{"embeddable":true,"href":"https:\/\/bloc.xarxa-omnia.org\/valls\/wp-json\/wp\/v2\/users\/187"}],"replies":[{"embeddable":true,"href":"https:\/\/bloc.xarxa-omnia.org\/valls\/wp-json\/wp\/v2\/comments?post=4502"}],"version-history":[{"count":1,"href":"https:\/\/bloc.xarxa-omnia.org\/valls\/wp-json\/wp\/v2\/posts\/4502\/revisions"}],"predecessor-version":[{"id":5035,"href":"https:\/\/bloc.xarxa-omnia.org\/valls\/wp-json\/wp\/v2\/posts\/4502\/revisions\/5035"}],"wp:attachment":[{"href":"https:\/\/bloc.xarxa-omnia.org\/valls\/wp-json\/wp\/v2\/media?parent=4502"}],"wp:term":[{"taxonomy":"category","embeddable":true,"href":"https:\/\/bloc.xarxa-omnia.org\/valls\/wp-json\/wp\/v2\/categories?post=4502"},{"taxonomy":"post_tag","embeddable":true,"href":"https:\/\/bloc.xarxa-omnia.org\/valls\/wp-json\/wp\/v2\/tags?post=4502"}],"curies":[{"name":"wp","href":"https:\/\/api.w.org\/{rel}","templated":true}]}}