{"id":4567,"date":"2015-05-20T09:55:18","date_gmt":"2015-05-20T08:55:18","guid":{"rendered":"http:\/\/valls.xarxa-omnia.org\/?p=4567"},"modified":"2023-10-05T16:09:47","modified_gmt":"2023-10-05T16:09:47","slug":"taller-botiga-on-line-i-xarxes-socials","status":"publish","type":"post","link":"https:\/\/bloc.xarxa-omnia.org\/valls\/2015\/05\/20\/taller-botiga-on-line-i-xarxes-socials\/","title":{"rendered":"Taller botiga en l\u00ednia i xarxes socials"},"content":{"rendered":"<p style=\"text-align: justify\"><img loading=\"lazy\" decoding=\"async\" class=\"alignleft\" src=\"http:\/\/www.consultoriamosaic.com\/public\/media\/solucions\/botiga_virt2.png\" alt=\"botiga on line\" width=\"153\" height=\"148\" \/>El proper <strong>dilluns 1 de juny<\/strong> dins del cicle &#8220;OBERTS A LA INNOVACI\u00d3: ELS DILLUNS TECNOL\u00d2GICS\u201d es realitzar\u00e0 a Vallsgenera el<span style=\"color: #3366ff\"><strong> SEMINARI SOBRE BOTIGA<\/strong> <strong>EN L\u00cdNIA I XARXES SOCIALS<\/strong>.<\/span><\/p>\n<p style=\"text-align: justify\">Aquest seminari est\u00e0 organitzat\u00a0 per la <a href=\"http:\/\/www.confecom.cat\/\" target=\"_blank\" rel=\"noopener noreferrer\">Confederaci\u00f3 del Comer\u00e7 de Catalunya<\/a> i \u00e9s gratu\u00eft. Est\u00e0 adre\u00e7at\u00a0 a comerciants, empresaris i aut\u00f2noms del sector del comer\u00e7, dels serveis i del turisme de Catalunya.<\/p>\n<p style=\"text-align: justify\">L\u2019objectiu d\u2019aquests seminaris \u00e9s posar a l\u2019abast dels empresaris les noves eines tecnol\u00f2giques per tal que els comer\u00e7os puguin oferir nous serveis als seus clients i, alhora, millorin la seva competitivitat.<\/p>\n<p style=\"text-align: justify\">En aquests seminaris s\u2019explicar\u00e0 com muntar una botiga virtual amb molt poc esfor\u00e7, sense oblidar la nostra botiga real, i en un temps r\u00e8cord.<\/p>\n<p style=\"text-align: justify\">Els seminaris, eminentment pr\u00e0ctics, estan dedicats concretament a la creaci\u00f3 d\u2019una botiga virtual i a les xarxes socials.<\/p>\n<p>Els assistents als seminaris acabaran aquestes sessions amb el seus perfils de Facebook i Twitter creats i la seva botiga virtual gratu\u00efta instal\u00b7lada.<\/p>\n<p style=\"text-align: justify\">Els participants als seminaris rebran un certificat d\u2019assist\u00e8ncia de la Confederaci\u00f3 de Comer\u00e7 de Catalunya.<\/p>\n<p style=\"text-align: justify\">Si esteu interessats a participar al seminari, podeu adre\u00e7ar-vos al 977 612010 o personalment a la Recepci\u00f3 de IMDL Vallsgenera.<\/p>\n<p style=\"text-align: justify\">Podeu veure el programa sencer aqu\u00ed: <a href=\"http:\/\/bloc.xarxa-omnia.org\/valls\/files\/2015\/05\/Programa-VALLSc.pdf\">Programa VALLS<\/a><\/p>\n","protected":false},"excerpt":{"rendered":"<p>El proper dilluns 1 de juny dins del cicle &#8220;OBERTS A LA INNOVACI\u00d3: ELS DILLUNS TECNOL\u00d2GICS\u201d es realitzar\u00e0 a Vallsgenera el SEMINARI SOBRE BOTIGA EN L\u00cdNIA I XARXES SOCIALS. Aquest seminari est\u00e0 organitzat\u00a0 per la Confederaci\u00f3 del Comer\u00e7 de Catalunya i \u00e9s gratu\u00eft. Est\u00e0 adre\u00e7at\u00a0 a comerciants, empresaris i aut\u00f2noms del sector del comer\u00e7, dels [&hellip;]<\/p>\n","protected":false},"author":187,"featured_media":0,"comment_status":"closed","ping_status":"open","sticky":false,"template":"","format":"standard","meta":{"footnotes":""},"categories":[411],"tags":[],"class_list":{"0":"post-4567","1":"post","2":"type-post","3":"status-publish","4":"format-standard","6":"category-noticies","7":"czr-hentry"},"_links":{"self":[{"href":"https:\/\/bloc.xarxa-omnia.org\/valls\/wp-json\/wp\/v2\/posts\/4567","targetHints":{"allow":["GET"]}}],"collection":[{"href":"https:\/\/bloc.xarxa-omnia.org\/valls\/wp-json\/wp\/v2\/posts"}],"about":[{"href":"https:\/\/bloc.xarxa-omnia.org\/valls\/wp-json\/wp\/v2\/types\/post"}],"author":[{"embeddable":true,"href":"https:\/\/bloc.xarxa-omnia.org\/valls\/wp-json\/wp\/v2\/users\/187"}],"replies":[{"embeddable":true,"href":"https:\/\/bloc.xarxa-omnia.org\/valls\/wp-json\/wp\/v2\/comments?post=4567"}],"version-history":[{"count":1,"href":"https:\/\/bloc.xarxa-omnia.org\/valls\/wp-json\/wp\/v2\/posts\/4567\/revisions"}],"predecessor-version":[{"id":5033,"href":"https:\/\/bloc.xarxa-omnia.org\/valls\/wp-json\/wp\/v2\/posts\/4567\/revisions\/5033"}],"wp:attachment":[{"href":"https:\/\/bloc.xarxa-omnia.org\/valls\/wp-json\/wp\/v2\/media?parent=4567"}],"wp:term":[{"taxonomy":"category","embeddable":true,"href":"https:\/\/bloc.xarxa-omnia.org\/valls\/wp-json\/wp\/v2\/categories?post=4567"},{"taxonomy":"post_tag","embeddable":true,"href":"https:\/\/bloc.xarxa-omnia.org\/valls\/wp-json\/wp\/v2\/tags?post=4567"}],"curies":[{"name":"wp","href":"https:\/\/api.w.org\/{rel}","templated":true}]}}