{"id":4577,"date":"2015-06-12T11:44:05","date_gmt":"2015-06-12T10:44:05","guid":{"rendered":"http:\/\/valls.xarxa-omnia.org\/?p=4577"},"modified":"2023-10-05T16:09:47","modified_gmt":"2023-10-05T16:09:47","slug":"taller-deines-2-0-per-a-la-creacio-de-webs-i-blocs-del-negoci","status":"publish","type":"post","link":"https:\/\/bloc.xarxa-omnia.org\/valls\/2015\/06\/12\/taller-deines-2-0-per-a-la-creacio-de-webs-i-blocs-del-negoci\/","title":{"rendered":"Taller d&#8217;eines 2.0 per a la creaci\u00f3 de webs i blogs del negoci"},"content":{"rendered":"<p style=\"text-align: justify\"><a href=\"http:\/\/bloc.xarxa-omnia.org\/valls\/files\/2015\/06\/20.jpg\"><img loading=\"lazy\" decoding=\"async\" class=\"alignleft size-medium wp-image-4579\" src=\"http:\/\/valls.xarxa-omnia.org\/wp-content\/uploads\/2015\/06\/20-200x138.jpg\" alt=\"20\" width=\"200\" height=\"138\" \/><\/a>El passat dimecres 10 vam realitzar la primera sessi\u00f3 per a emprenedors del <strong>&#8220;Taller d&#8217;eines 2.0 per a la creaci\u00f3 de webs i blogs pel teu negoci&#8221;. <\/strong><\/p>\n<p style=\"text-align: justify\">Al taller van assistir unes 14 persones amb diferents projectes empresarials i professionals. Dimecres 17 farem la segona i \u00faltima sessi\u00f3 d&#8217;aquest taller.<\/p>\n<p lang=\"ca-ES\" style=\"text-align: justify\">Tenir pres\u00e8ncia a Internet ha esdevingut un element clau per a donar a con\u00e8ixer la nostra activitat comercial, professional i empresarial.<\/p>\n<p lang=\"ca-ES\" style=\"text-align: justify\"><span lang=\"ca-ES\">Amb aquest taller es pret\u00e9n fer una primera aproximaci\u00f3 a di<\/span><span lang=\"ca-ES\">ferents recursos\u00a0en l\u00ednia<\/span><span lang=\"ca-ES\">\u00a0<\/span><span lang=\"ca-ES\">q<\/span><span lang=\"ca-ES\">ue permeten crear de manera senzilla i intu\u00eftiva una p\u00e0gina web i\/o un blog <\/span><span lang=\"ca-ES\">i <\/span><span lang=\"ca-ES\">millorar aix\u00ed la nostra <\/span><span lang=\"ca-ES\"> pres\u00e8ncia a Internet.<\/span><\/p>\n<p style=\"text-align: justify\">Els continguts d&#8217;aquest taller van des de la reflexi\u00f3 dels requeriments de cada participant per a tenir pres\u00e8ncia a Internet, con\u00e8ixer recursos i eines b\u00e0siques que ens proporciona la web 2.0 fins a la pr\u00e0ctica amb\u00a0dues eines com ara WIX i Blogger, per a la creaci\u00f3 de p\u00e0gines i blogs, respectivament.<\/p>\n<p style=\"text-align: justify\">Esperem acabar amb \u00e8xit i m\u00e9s coneixements aquesta primera edici\u00f3 del taller.<\/p>\n","protected":false},"excerpt":{"rendered":"<p>El passat dimecres 10 vam realitzar la primera sessi\u00f3 per a emprenedors del &#8220;Taller d&#8217;eines 2.0 per a la creaci\u00f3 de webs i blogs pel teu negoci&#8221;. Al taller van assistir unes 14 persones amb diferents projectes empresarials i professionals. Dimecres 17 farem la segona i \u00faltima sessi\u00f3 d&#8217;aquest taller. Tenir pres\u00e8ncia a Internet ha [&hellip;]<\/p>\n","protected":false},"author":187,"featured_media":0,"comment_status":"closed","ping_status":"open","sticky":false,"template":"","format":"standard","meta":{"footnotes":""},"categories":[31790],"tags":[],"class_list":{"0":"post-4577","1":"post","2":"type-post","3":"status-publish","4":"format-standard","6":"category-activitats-a-internet","7":"czr-hentry"},"_links":{"self":[{"href":"https:\/\/bloc.xarxa-omnia.org\/valls\/wp-json\/wp\/v2\/posts\/4577","targetHints":{"allow":["GET"]}}],"collection":[{"href":"https:\/\/bloc.xarxa-omnia.org\/valls\/wp-json\/wp\/v2\/posts"}],"about":[{"href":"https:\/\/bloc.xarxa-omnia.org\/valls\/wp-json\/wp\/v2\/types\/post"}],"author":[{"embeddable":true,"href":"https:\/\/bloc.xarxa-omnia.org\/valls\/wp-json\/wp\/v2\/users\/187"}],"replies":[{"embeddable":true,"href":"https:\/\/bloc.xarxa-omnia.org\/valls\/wp-json\/wp\/v2\/comments?post=4577"}],"version-history":[{"count":1,"href":"https:\/\/bloc.xarxa-omnia.org\/valls\/wp-json\/wp\/v2\/posts\/4577\/revisions"}],"predecessor-version":[{"id":5031,"href":"https:\/\/bloc.xarxa-omnia.org\/valls\/wp-json\/wp\/v2\/posts\/4577\/revisions\/5031"}],"wp:attachment":[{"href":"https:\/\/bloc.xarxa-omnia.org\/valls\/wp-json\/wp\/v2\/media?parent=4577"}],"wp:term":[{"taxonomy":"category","embeddable":true,"href":"https:\/\/bloc.xarxa-omnia.org\/valls\/wp-json\/wp\/v2\/categories?post=4577"},{"taxonomy":"post_tag","embeddable":true,"href":"https:\/\/bloc.xarxa-omnia.org\/valls\/wp-json\/wp\/v2\/tags?post=4577"}],"curies":[{"name":"wp","href":"https:\/\/api.w.org\/{rel}","templated":true}]}}