{"id":4708,"date":"2015-09-03T10:58:07","date_gmt":"2015-09-03T09:58:07","guid":{"rendered":"http:\/\/valls.xarxa-omnia.org\/?p=4708"},"modified":"2023-10-05T16:08:54","modified_gmt":"2023-10-05T16:08:54","slug":"inscripcions-als-tallers-de-setembre-desembre","status":"publish","type":"post","link":"https:\/\/bloc.xarxa-omnia.org\/valls\/2015\/09\/03\/inscripcions-als-tallers-de-setembre-desembre\/","title":{"rendered":"Inscripcions als tallers de setembre &#8211; desembre"},"content":{"rendered":"<h2 style=\"text-align: left\"><span style=\"color: #000000\"><strong>Oferta<\/strong> <strong>formativa adre\u00e7ada a la ciutadania<\/strong> <\/span><\/h2>\n<p style=\"text-align: justify\">Un cop acabades les vacances, el Punt \u00d2mnia de Valls es torna a posar en marxa aquest trimestre amb una nova<span style=\"color: #000000\"> oferta formativa adre\u00e7ada a la ciutadania <\/span>que vulgui millorar les seves compet\u00e8ncies digitals.<\/p>\n<p style=\"text-align: justify\">\u00a0<img loading=\"lazy\" decoding=\"async\" class=\"alignnone wp-image-4714 size-medium\" src=\"http:\/\/valls.xarxa-omnia.org\/wp-content\/uploads\/2015\/09\/laptop-200x133.jpg\" alt=\"laptop\" width=\"200\" height=\"133\" \/><\/p>\n<p align=\"LEFT\"><strong><span style=\"color: #000000\">Els cursos de 18 hores que s&#8217;ofereixen s\u00f3n:<\/span><\/strong><\/p>\n<ul>\n<li><span style=\"color: #000000\"><span lang=\"ca-ES\">Retoca i comparteix fotos per Internet <\/span><span lang=\"ca-ES\">(Centre C\u00edvic)<\/span><\/span><\/li>\n<\/ul>\n<ul>\n<li><span style=\"color: #000000\">Navega i comunica&#8217;t per Internet (Vallsgenera)<\/span><\/li>\n<\/ul>\n<p align=\"LEFT\"><strong><span style=\"color: #000000\">Els tallers de curta durada que s&#8217;ofereixen s\u00f3n:<\/span><\/strong><\/p>\n<ul>\n<li><span style=\"color: #000000\">Jocs i activitats a Internet per a mantenir la ment activa (Centre C\u00edvic)<\/span><\/li>\n<li><span style=\"color: #000000\">Fes fotos i v\u00eddeos amb el teu m\u00f2bil (Centre C\u00edvic), amb col\u00b7laboraci\u00f3 de Vodafone i la Fundaci\u00f3 Pere Tarr\u00e9s.<\/span><\/li>\n<li><span style=\"color: #000000\">Prepara el Nadal amb recursos d&#8217;Internet (Centre C\u00edvic)<\/span><\/li>\n<\/ul>\n<p align=\"LEFT\">Les inscripcions estan obertes a partir d&#8217;aquesta setmana en els horaris seg\u00fcents:<\/p>\n<ul>\n<li><span lang=\"ca-ES\"><strong>Centre C\u00edvic de Valls<\/strong>, de dilluns a divendres de 10 a 14 h i dimarts i dijous de 17 a 19 h. C<\/span><span lang=\"ca-ES\">arrer Sant Pere, 2. 977 609849 . <\/span><span lang=\"ca-ES\">centrecivic@valls.cat<\/span><\/li>\n<\/ul>\n<ul>\n<li><span lang=\"ca-ES\"><strong>Vallsgenera,<\/strong> <span lang=\"ca-ES\">de dilluns a divendres <\/span>de 10 a 14 h i de 15 a 19 h. R<\/span><span lang=\"ca-ES\">ecepci\u00f3 Planta Baixa. Edifici Casa Caritat, Carretera del Pla 37A. <\/span><span lang=\"ca-ES\">977 612010.\u00a0 <span style=\"color: #000000\">o<\/span><\/span><span style=\"color: #000000\"><span lang=\"ca-ES\">mniavalls@gmail.<\/span><span lang=\"ca-ES\">com<\/span><\/span><\/li>\n<\/ul>\n<h2 style=\"text-align: justify\" align=\"LEFT\"><\/h2>\n<h2 style=\"text-align: justify\" align=\"LEFT\"><span style=\"color: #000000\"><strong>Aula Mentor Valls<\/strong><\/span><\/h2>\n<p>&nbsp;<\/p>\n<p style=\"text-align: justify\" align=\"LEFT\">Si el que us <img loading=\"lazy\" decoding=\"async\" class=\"alignleft wp-image-4716\" src=\"http:\/\/valls.xarxa-omnia.org\/wp-content\/uploads\/2015\/09\/logo-aula-mentor-200x137.jpg\" alt=\"logo-aula-mentor\" width=\"154\" height=\"105\" \/>interessa \u00e9s la<strong> formaci\u00f3 en l\u00ednia,<\/strong> us recordem que<span style=\"color: #000000\"> l&#8217;Aula Mentor Valls<\/span> tamb\u00e9 es torna posar en marxa amb una \u00e0mplia oferta formativa organitzada en \u00e0rees tem\u00e0tiques: Disseny web, Educaci\u00f3, Administraci\u00f3 i Gesti\u00f3, Tributaci\u00f3, Gesti\u00f3 de Pimes,\u00a0 Angl\u00e8s, etc.<\/p>\n<p><span lang=\"ca-ES\">Per a m\u00e9s informaci\u00f3: <\/span>Tel\u00e8fon: 977 612010\u00a0 <span style=\"color: #000000\"><a href=\"mailto:valls@aulamentor.es\"><span style=\"color: #000000\">valls@aulamentor.e<\/span><\/a><a href=\"mailto:valls@aulamentor.es\"><span style=\"color: #000000\">s<\/span><\/a><\/span><\/p>\n<p><span style=\"color: #008000\"><strong><code><br \/>\n<\/code><code><\/code><\/strong><\/span><\/p>\n<p><strong><span style=\"color: #008000\">\u00a0<\/span><\/strong><\/p>\n<h2><strong><span style=\"color: #008000\"><span style=\"color: #000000\">Acreditaci\u00f3 en compet\u00e8ncies digitals ACTIC<\/span><br \/>\n<\/span><\/strong><\/h2>\n<p><img loading=\"lazy\" decoding=\"async\" class=\"alignleft\" src=\"http:\/\/acticweb.gencat.cat\/web\/shared\/canalempresa\/auxiliars\/baners\/01_gencat\/imatges-baners\/actic_logo_130px.jpg_1675296558.jpg\" alt=\"\" width=\"158\" height=\"96\" \/><\/p>\n<p style=\"text-align: justify\">Finalment, us recordem que des de l&#8217;any 2010, Vallsgenera \u00e9s centre col\u00b7laborador\u00a0 de la Generalitat de Catalunya per a realitzar <span style=\"color: #000000\">l&#8217;acreditaci\u00f3 en compet\u00e8ncies digitals ACTIC.\u00a0 <\/span><\/p>\n<p style=\"text-align: justify\">Al nostre centre ja s&#8217;han presentat m\u00e9s\u00a0 de 300 persones\u00a0 a les proves de l&#8217;ACTIC, de les quals s&#8217;han acreditat aprox. el 65%, segons el nivell.<\/p>\n<p style=\"text-align: justify\">Recentment, prop de 3.500 estudiants de la UOC es van beneficiar de l&#8217;acord entre el Departament d\u2019Empresa i Ocupaci\u00f3 i\u00a0 la UOC, que va establir l&#8217;equival\u00e8ncia entre el certificat de l&#8217;assignatura Compet\u00e8ncies TIC de la UOC i el certificat mitj\u00e0 de l&#8217;ACTIC.<\/p>\n<p style=\"text-align: justify\">L&#8217;acreditaci\u00f3 ACTIC \u00e9s una millora de les compet\u00e8ncies digitals i de les oportunitats professionals de cara al mercat laboral.<\/p>\n<p style=\"text-align: justify\"><span lang=\"ca-ES\">Per a m\u00e9s informaci\u00f3: <\/span>Tel\u00e8fon: 977 612010 omniavalls@gmail.com<\/p>\n<p style=\"text-align: justify\">\n","protected":false},"excerpt":{"rendered":"<p>Oferta formativa adre\u00e7ada a la ciutadania Un cop acabades les vacances, el Punt \u00d2mnia de Valls es torna a posar en marxa aquest trimestre amb una nova oferta formativa adre\u00e7ada a la ciutadania que vulgui millorar les seves compet\u00e8ncies digitals. \u00a0 Els cursos de 18 hores que s&#8217;ofereixen s\u00f3n: Retoca i comparteix fotos per Internet [&hellip;]<\/p>\n","protected":false},"author":187,"featured_media":0,"comment_status":"closed","ping_status":"open","sticky":false,"template":"","format":"standard","meta":{"footnotes":""},"categories":[411],"tags":[],"class_list":{"0":"post-4708","1":"post","2":"type-post","3":"status-publish","4":"format-standard","6":"category-noticies","7":"czr-hentry"},"_links":{"self":[{"href":"https:\/\/bloc.xarxa-omnia.org\/valls\/wp-json\/wp\/v2\/posts\/4708","targetHints":{"allow":["GET"]}}],"collection":[{"href":"https:\/\/bloc.xarxa-omnia.org\/valls\/wp-json\/wp\/v2\/posts"}],"about":[{"href":"https:\/\/bloc.xarxa-omnia.org\/valls\/wp-json\/wp\/v2\/types\/post"}],"author":[{"embeddable":true,"href":"https:\/\/bloc.xarxa-omnia.org\/valls\/wp-json\/wp\/v2\/users\/187"}],"replies":[{"embeddable":true,"href":"https:\/\/bloc.xarxa-omnia.org\/valls\/wp-json\/wp\/v2\/comments?post=4708"}],"version-history":[{"count":1,"href":"https:\/\/bloc.xarxa-omnia.org\/valls\/wp-json\/wp\/v2\/posts\/4708\/revisions"}],"predecessor-version":[{"id":5024,"href":"https:\/\/bloc.xarxa-omnia.org\/valls\/wp-json\/wp\/v2\/posts\/4708\/revisions\/5024"}],"wp:attachment":[{"href":"https:\/\/bloc.xarxa-omnia.org\/valls\/wp-json\/wp\/v2\/media?parent=4708"}],"wp:term":[{"taxonomy":"category","embeddable":true,"href":"https:\/\/bloc.xarxa-omnia.org\/valls\/wp-json\/wp\/v2\/categories?post=4708"},{"taxonomy":"post_tag","embeddable":true,"href":"https:\/\/bloc.xarxa-omnia.org\/valls\/wp-json\/wp\/v2\/tags?post=4708"}],"curies":[{"name":"wp","href":"https:\/\/api.w.org\/{rel}","templated":true}]}}