{"id":956,"date":"2010-11-12T11:15:35","date_gmt":"2010-11-12T10:15:35","guid":{"rendered":"http:\/\/www.xarxa-omnia.org\/puntomniavalls\/?p=956"},"modified":"2010-11-12T11:15:35","modified_gmt":"2010-11-12T10:15:35","slug":"el-punt-omnia-de-valls-participa-amb-el-projecte-accedo-2-0","status":"publish","type":"post","link":"https:\/\/bloc.xarxa-omnia.org\/valls\/2010\/11\/12\/el-punt-omnia-de-valls-participa-amb-el-projecte-accedo-2-0\/","title":{"rendered":"EL PUNT \u00d2MNIA DE VALLS PARTICIPA AMB EL PROJECTE ACCEDO 2.0"},"content":{"rendered":"<p lang=\"ca-ES\"><span style=\"color: #000000\"><span style=\"font-family: Arial,sans-serif\"><a href=\"http:\/\/www.xarxa-omnia.org\/node\/6094\"><img loading=\"lazy\" decoding=\"async\" class=\"alignleft\" alt=\"\" src=\"http:\/\/www.xarxa-omnia.org\/files\/images\/IMG_3521%20%5B1024x768%5D.preview.JPG\" width=\"242\" height=\"161\" \/><\/a>El Punt \u00d2mnia de Casa Caritat de Valls, d\u00f3na la benvinguda a la proba pilot d&#8217;ACCEDO 2.0; hist\u00f2ricament a Casa Caritat es treballa amb col\u00b7lectius discapacitats.<\/span><\/span><\/p>\n<p lang=\"ca-ES\"><span style=\"color: #000000\"><span style=\"font-family: Arial,sans-serif\">Recentment al Punt \u00d2mnia de Casa Caritat s&#8217;ha realitzat la instal\u00b7laci\u00f3 d&#8217;algunes ajudes t\u00e8cniques per millorar el servei i l&#8217;accessibilitat dels usuaris al centre, ja siguin usuaris actuals o nouvinguts que tindran la possibilitat d&#8217;ampliar els seus serveis dins el centre que fins ara no havien tingut la oportunitat de fer-ho al nostre centre del Punt \u00d2mnia.<\/span><\/span><\/p>\n<p lang=\"ca-ES\"><span style=\"color: #000000\"><span style=\"font-family: Arial,sans-serif\">Totes aquestes actuacions s\u00f3n possibles dins el marc del projecte ACCEDO, dins el Plan Avanza i promogut per Fundaci\u00f3 Catalana de l&#8217;Esplai, la UNED i FASAD, i properament Casa Caritat col\u00b7laborar\u00e0 en la fase pilot del projecte, juntament amb diferents centres del territori que tamb\u00e9 estan involucrats per la e-inclusi\u00f3 de les persones amb alguna discapacitat intel\u00b7lectual lleu.<\/span><\/span><\/p>\n<p lang=\"ca-ES\"><span style=\"color: #000000\"><span style=\"font-family: Arial,sans-serif\">L&#8217;objectiu d&#8217;aquest projecte \u00e9s la creaci\u00f3 d&#8217;un portal web accessible i d&#8217;una xarxa social per a usuaris i usu\u00e0ries amb discapacitat intel\u00b7lectual lleu i, en el qual un equip de maquin\u00e0ria i programari obrir\u00e0 la possibilitat a l&#8217;acci\u00f3 formativa i l&#8217;\u00fas social de les TIC que es duen a terme hist\u00f2ricament al Punt \u00d2mnia.<\/span><\/span><\/p>\n<p lang=\"ca-ES\"><span style=\"color: #000000\"><span style=\"font-family: Arial,sans-serif\">Per al Punt \u00d2mnia de Valls aquest projecte representa tot un repte i ens d\u00f3na la possibilitat d&#8217;ampliar el nostre \u00e0mbit d&#8217;actuaci\u00f3 en el camp de la e-inclusi\u00f3 social. Estem molt contents i pensem que donem un pas endavant en la millora del nostre servei de cara a la ciutadania de Valls.<\/span><\/span><\/p>\n<p><span style=\"color: #000000\"><span style=\"font-family: Arial,sans-serif\">Pots trobar la informaci\u00f3 m\u00e9s ampliada a la p\u00e0gina de l&#8217;<a href=\"http:\/\/www.accedo20.org\/\">ACCEDO<\/a> i llegeix la not\u00edcia a la p\u00e0gina de la <a href=\"http:\/\/xarxa-omnia.org\/\">Xarxa \u00d2mnia. <\/a>\u00a0 <a href=\"http:\/\/www.accedo20.org\/\"><br \/>\n<\/a><\/span><\/span><\/p>\n<p><span style=\"color: #000000\"><span style=\"font-family: Arial,sans-serif\"><br \/>\n<\/span><\/span><\/p>\n","protected":false},"excerpt":{"rendered":"<p>El Punt \u00d2mnia de Casa Caritat de Valls, d\u00f3na la benvinguda a la proba pilot d&#8217;ACCEDO 2.0; hist\u00f2ricament a Casa Caritat es treballa amb col\u00b7lectius discapacitats. Recentment al Punt \u00d2mnia de Casa Caritat s&#8217;ha realitzat la instal\u00b7laci\u00f3 d&#8217;algunes ajudes t\u00e8cniques per millorar el servei i l&#8217;accessibilitat dels usuaris al centre, ja siguin usuaris actuals o [&hellip;]<\/p>\n","protected":false},"author":187,"featured_media":0,"comment_status":"open","ping_status":"open","sticky":false,"template":"","format":"standard","meta":{"footnotes":""},"categories":[411],"tags":[],"class_list":{"0":"post-956","1":"post","2":"type-post","3":"status-publish","4":"format-standard","6":"category-noticies","7":"czr-hentry"},"_links":{"self":[{"href":"https:\/\/bloc.xarxa-omnia.org\/valls\/wp-json\/wp\/v2\/posts\/956","targetHints":{"allow":["GET"]}}],"collection":[{"href":"https:\/\/bloc.xarxa-omnia.org\/valls\/wp-json\/wp\/v2\/posts"}],"about":[{"href":"https:\/\/bloc.xarxa-omnia.org\/valls\/wp-json\/wp\/v2\/types\/post"}],"author":[{"embeddable":true,"href":"https:\/\/bloc.xarxa-omnia.org\/valls\/wp-json\/wp\/v2\/users\/187"}],"replies":[{"embeddable":true,"href":"https:\/\/bloc.xarxa-omnia.org\/valls\/wp-json\/wp\/v2\/comments?post=956"}],"version-history":[{"count":0,"href":"https:\/\/bloc.xarxa-omnia.org\/valls\/wp-json\/wp\/v2\/posts\/956\/revisions"}],"wp:attachment":[{"href":"https:\/\/bloc.xarxa-omnia.org\/valls\/wp-json\/wp\/v2\/media?parent=956"}],"wp:term":[{"taxonomy":"category","embeddable":true,"href":"https:\/\/bloc.xarxa-omnia.org\/valls\/wp-json\/wp\/v2\/categories?post=956"},{"taxonomy":"post_tag","embeddable":true,"href":"https:\/\/bloc.xarxa-omnia.org\/valls\/wp-json\/wp\/v2\/tags?post=956"}],"curies":[{"name":"wp","href":"https:\/\/api.w.org\/{rel}","templated":true}]}}