{"id":968,"date":"2010-11-18T12:34:06","date_gmt":"2010-11-18T11:34:06","guid":{"rendered":"http:\/\/www.xarxa-omnia.org\/puntomniavalls\/?p=968"},"modified":"2010-11-18T12:34:06","modified_gmt":"2010-11-18T11:34:06","slug":"els-castells-patrimoni-immaterial-de-la-humanitat","status":"publish","type":"post","link":"https:\/\/bloc.xarxa-omnia.org\/valls\/2010\/11\/18\/els-castells-patrimoni-immaterial-de-la-humanitat\/","title":{"rendered":"ELS CASTELLS PATRIMONI IMMATERIAL DE LA HUMANITAT"},"content":{"rendered":"<p><span style=\"font-family: Arial,sans-serif\"><a href=\"http:\/\/picasaweb.google.com\/101356932465185620727\/ElsCastellsPatrimoniDeLaHumanitat?authkey=Gv1sRgCK71irqs5qzTNA&amp;feat=embedwebsite#5540184685733569858\"><img loading=\"lazy\" decoding=\"async\" class=\"alignleft\" src=\"http:\/\/lh6.ggpht.com\/_ytbIyyNUf8M\/TOKwnlc1ZUI\/AAAAAAAAAWo\/QJe-gpty5Xk\/s640\/IMGP0242.JPG\" alt=\"\" width=\"250\" height=\"193\" \/><\/a>El Punt \u00d2mnia de Valls fa ress\u00f2 amb la proclamaci\u00f3 per part de l&#8217;UNESCO, dels Castells Patrimoni Immaterial de la Humanitat.<\/span><\/p>\n<p><span style=\"font-family: Arial,sans-serif\">La Pla\u00e7a del Blat immersa en el repic de les campanes, els coets, la traca i l&#8217;alliberament dels globus amb els colors de les dues colles castelleres vallenques, esclata i d\u00f3na pas a la celebraci\u00f3 amb crits d&#8217;alegria i satisfacci\u00f3 dins la mateixa pla\u00e7a.<\/span><\/p>\n<p><span style=\"font-family: Arial,sans-serif\">Albert Batet, actual alcalde de Valls, \u00e9s entrevistat pel Grup Fem Barri del <a href=\"http:\/\/www.vallsbarriantic.cat\/social\/convivencia\/omnia_ba.htm\">Punt \u00d2mnia del Barri Antic de Valls<\/a> just despr\u00e9s del discurs per part dels dos caps de colla. Per aquest, representa una gran satisfacci\u00f3 i orgull; 200 anys d&#8217;hist\u00f2ria castellera representen el reconeixement per a moltes persones i pobles. Aquesta proclamaci\u00f3 \u00e9s un fet molt positiu per la nostra ciutat i per el m\u00f3n casteller, ajudar\u00e0 a la ciutat de Valls a tenir el museu casteller.<\/span><\/p>\n<p><span style=\"font-family: Arial,sans-serif\">Pots ampliar la not\u00edcia a la p\u00e0gina de <a href=\"http:\/\/barrianticvalls.wordpress.com\/\">Fem Barri <\/a>del <a href=\"http:\/\/www.vallsbarriantic.cat\/social\/convivencia\/omnia_ba.htm\">Punt \u00d2mnia del Barri Antic<\/a> de\u00a0 Valls<br \/>\n<\/span><\/p>\n","protected":false},"excerpt":{"rendered":"<p>El Punt \u00d2mnia de Valls fa ress\u00f2 amb la proclamaci\u00f3 per part de l&#8217;UNESCO, dels Castells Patrimoni Immaterial de la Humanitat. La Pla\u00e7a del Blat immersa en el repic de les campanes, els coets, la traca i l&#8217;alliberament dels globus amb els colors de les dues colles castelleres vallenques, esclata i d\u00f3na pas a la [&hellip;]<\/p>\n","protected":false},"author":187,"featured_media":0,"comment_status":"open","ping_status":"open","sticky":false,"template":"","format":"standard","meta":{"footnotes":""},"categories":[411],"tags":[],"class_list":{"0":"post-968","1":"post","2":"type-post","3":"status-publish","4":"format-standard","6":"category-noticies","7":"czr-hentry"},"_links":{"self":[{"href":"https:\/\/bloc.xarxa-omnia.org\/valls\/wp-json\/wp\/v2\/posts\/968","targetHints":{"allow":["GET"]}}],"collection":[{"href":"https:\/\/bloc.xarxa-omnia.org\/valls\/wp-json\/wp\/v2\/posts"}],"about":[{"href":"https:\/\/bloc.xarxa-omnia.org\/valls\/wp-json\/wp\/v2\/types\/post"}],"author":[{"embeddable":true,"href":"https:\/\/bloc.xarxa-omnia.org\/valls\/wp-json\/wp\/v2\/users\/187"}],"replies":[{"embeddable":true,"href":"https:\/\/bloc.xarxa-omnia.org\/valls\/wp-json\/wp\/v2\/comments?post=968"}],"version-history":[{"count":0,"href":"https:\/\/bloc.xarxa-omnia.org\/valls\/wp-json\/wp\/v2\/posts\/968\/revisions"}],"wp:attachment":[{"href":"https:\/\/bloc.xarxa-omnia.org\/valls\/wp-json\/wp\/v2\/media?parent=968"}],"wp:term":[{"taxonomy":"category","embeddable":true,"href":"https:\/\/bloc.xarxa-omnia.org\/valls\/wp-json\/wp\/v2\/categories?post=968"},{"taxonomy":"post_tag","embeddable":true,"href":"https:\/\/bloc.xarxa-omnia.org\/valls\/wp-json\/wp\/v2\/tags?post=968"}],"curies":[{"name":"wp","href":"https:\/\/api.w.org\/{rel}","templated":true}]}}