{"id":321,"date":"2016-12-21T20:46:38","date_gmt":"2016-12-21T19:46:38","guid":{"rendered":"http:\/\/xarxaomnia.gencat.cat\/blocs\/verdum\/?p=321"},"modified":"2016-12-21T20:54:02","modified_gmt":"2016-12-21T19:54:02","slug":"coneix-verdum","status":"publish","type":"post","link":"https:\/\/bloc.xarxa-omnia.org\/verdum\/?p=321","title":{"rendered":"Coneix Verdum"},"content":{"rendered":"<p style=\"text-align: justify\">Per tal de con\u00e8ixer una mica el barri de <strong>Verdum<\/strong> res millor que navegar una mica per la xarxa per descobrir la seva hist\u00f2ria.<\/p>\n<p style=\"text-align: justify\">Per comen\u00e7ar podem llegir una breu hist\u00f2ria del barri a la web de l&#8217;<a href=\"http:\/\/lameva.barcelona.cat\/noubarris\/ca\/home\/el-barri-de-verdum\" target=\"_blank\">Ajuntament de Barcelona<\/a>.<\/p>\n<p style=\"text-align: justify\">A la <a href=\"https:\/\/es.wikipedia.org\/wiki\/Verd%C3%BAn_(Barcelona)\" target=\"_blank\">Wikip\u00e8dia<\/a> podem veure un article amb una hist\u00f2ria m\u00e9s ampliada.<\/p>\n<p style=\"text-align: justify\">Per\u00f2 si voleu aprofundir amb el coneixement hist\u00f2ric del barri no us podeu perdre l&#8217;article de l&#8217;<a href=\"http:\/\/arxiuhistoric.blogspot.com.es\/2013\/09\/historia-del-barri-de-verdum.html\" target=\"_blank\">Arxiu Hist\u00f2ric de Roquetes-Nou Barris<\/a>. Aquest article on s&#8217;aborda amb profunditat la hist\u00f2ria del barri \u00e9s il\u00b7lustrat amb interessants fotografies d&#8217;\u00e8poca. Si voleu con\u00e8ixer m\u00e9s detalls de la hist\u00f2ria d&#8217;aquest territori (tant del barri com de la resta de barris del districte) no oblideu donar un cop d&#8217;ull a la resta d&#8217;articles del blog, val la pena.<\/p>\n<p style=\"text-align: justify\">Si voleu tenir un punt de vista m\u00e9s urban\u00edstic del creixement del districte (i tamb\u00e9 de Verdum) en relaci\u00f3 a Barcelona podeu donar un cop d&#8217;ull al <a href=\"http:\/\/hdl.handle.net\/2445\/33002\" target=\"_blank\">m\u00e0ster<\/a> de Carolina Lozano del 2012: <em>El Modelo Barcelona de Espacio P\u00fablico y Dise\u00f1o Urbano. Nou Barris, un caso de crecimiento fragmentado<\/em>.<\/p>\n<div id=\"attachment_323\" style=\"width: 229px\" class=\"wp-caption alignnone\"><a href=\"https:\/\/i0.wp.com\/xarxaomnia.gencat.cat\/blocs\/verdum\/files\/2016\/12\/06.022.jpg\"><img data-recalc-dims=\"1\" loading=\"lazy\" decoding=\"async\" aria-describedby=\"caption-attachment-323\" data-attachment-id=\"323\" data-permalink=\"https:\/\/bloc.xarxa-omnia.org\/verdum\/?attachment_id=323\" data-orig-file=\"https:\/\/i0.wp.com\/bloc.xarxa-omnia.org\/verdum\/files\/2016\/12\/06.022.jpg?fit=1169%2C1600&amp;ssl=1\" data-orig-size=\"1169,1600\" data-comments-opened=\"0\" data-image-meta=\"{&quot;aperture&quot;:&quot;0&quot;,&quot;credit&quot;:&quot;&quot;,&quot;camera&quot;:&quot;&quot;,&quot;caption&quot;:&quot;&quot;,&quot;created_timestamp&quot;:&quot;0&quot;,&quot;copyright&quot;:&quot;&quot;,&quot;focal_length&quot;:&quot;0&quot;,&quot;iso&quot;:&quot;0&quot;,&quot;shutter_speed&quot;:&quot;0&quot;,&quot;title&quot;:&quot;&quot;,&quot;orientation&quot;:&quot;0&quot;}\" data-image-title=\"06.022\" data-image-description=\"\" data-image-caption=\"&lt;p&gt;imatge de l&#8217;AHRNB&lt;\/p&gt;\n\" data-medium-file=\"https:\/\/i0.wp.com\/bloc.xarxa-omnia.org\/verdum\/files\/2016\/12\/06.022.jpg?fit=219%2C300&amp;ssl=1\" data-large-file=\"https:\/\/i0.wp.com\/bloc.xarxa-omnia.org\/verdum\/files\/2016\/12\/06.022.jpg?fit=1169%2C1600&amp;ssl=1\" class=\"wp-image-323 size-medium\" src=\"https:\/\/i0.wp.com\/xarxaomnia.gencat.cat\/blocs\/verdum\/files\/2016\/12\/06.022-219x300.jpg?resize=219%2C300\" alt=\"imatge de l'AHRNB\" width=\"219\" height=\"300\" srcset=\"https:\/\/i0.wp.com\/bloc.xarxa-omnia.org\/verdum\/files\/2016\/12\/06.022.jpg?resize=219%2C300&amp;ssl=1 219w, https:\/\/i0.wp.com\/bloc.xarxa-omnia.org\/verdum\/files\/2016\/12\/06.022.jpg?resize=768%2C1051&amp;ssl=1 768w, https:\/\/i0.wp.com\/bloc.xarxa-omnia.org\/verdum\/files\/2016\/12\/06.022.jpg?resize=624%2C854&amp;ssl=1 624w, https:\/\/i0.wp.com\/bloc.xarxa-omnia.org\/verdum\/files\/2016\/12\/06.022.jpg?w=1169&amp;ssl=1 1169w\" sizes=\"auto, (max-width: 219px) 100vw, 219px\" \/><\/a><p id=\"caption-attachment-323\" class=\"wp-caption-text\">imatge de l&#8217;AHRNB<\/p><\/div>\n","protected":false},"excerpt":{"rendered":"<p>Per tal de con\u00e8ixer una mica el barri de Verdum res millor que navegar una mica per la xarxa per descobrir la seva hist\u00f2ria. Per comen\u00e7ar podem llegir una breu hist\u00f2ria del barri a la web de l&#8217;Ajuntament de Barcelona. A la Wikip\u00e8dia podem veure un article amb una hist\u00f2ria m\u00e9s ampliada. Per\u00f2 si voleu [&hellip;]<\/p>\n","protected":false},"author":116,"featured_media":0,"comment_status":"closed","ping_status":"open","sticky":false,"template":"","format":"standard","meta":{"jetpack_post_was_ever_published":false,"_jetpack_newsletter_access":"","_jetpack_dont_email_post_to_subs":false,"_jetpack_newsletter_tier_id":0,"_jetpack_memberships_contains_paywalled_content":false,"_jetpack_memberships_contains_paid_content":false,"footnotes":"","jetpack_publicize_message":"","jetpack_publicize_feature_enabled":true,"jetpack_social_post_already_shared":true,"jetpack_social_options":{"image_generator_settings":{"template":"highway","enabled":false},"version":2}},"categories":[817],"tags":[],"class_list":["post-321","post","type-post","status-publish","format-standard","hentry","category-9-barris"],"jetpack_publicize_connections":[],"jetpack_featured_media_url":"","jetpack_sharing_enabled":true,"jetpack_shortlink":"https:\/\/wp.me\/p7AIYZ-5b","jetpack-related-posts":[],"jetpack_likes_enabled":true,"_links":{"self":[{"href":"https:\/\/bloc.xarxa-omnia.org\/verdum\/index.php?rest_route=\/wp\/v2\/posts\/321","targetHints":{"allow":["GET"]}}],"collection":[{"href":"https:\/\/bloc.xarxa-omnia.org\/verdum\/index.php?rest_route=\/wp\/v2\/posts"}],"about":[{"href":"https:\/\/bloc.xarxa-omnia.org\/verdum\/index.php?rest_route=\/wp\/v2\/types\/post"}],"author":[{"embeddable":true,"href":"https:\/\/bloc.xarxa-omnia.org\/verdum\/index.php?rest_route=\/wp\/v2\/users\/116"}],"replies":[{"embeddable":true,"href":"https:\/\/bloc.xarxa-omnia.org\/verdum\/index.php?rest_route=%2Fwp%2Fv2%2Fcomments&post=321"}],"version-history":[{"count":7,"href":"https:\/\/bloc.xarxa-omnia.org\/verdum\/index.php?rest_route=\/wp\/v2\/posts\/321\/revisions"}],"predecessor-version":[{"id":329,"href":"https:\/\/bloc.xarxa-omnia.org\/verdum\/index.php?rest_route=\/wp\/v2\/posts\/321\/revisions\/329"}],"wp:attachment":[{"href":"https:\/\/bloc.xarxa-omnia.org\/verdum\/index.php?rest_route=%2Fwp%2Fv2%2Fmedia&parent=321"}],"wp:term":[{"taxonomy":"category","embeddable":true,"href":"https:\/\/bloc.xarxa-omnia.org\/verdum\/index.php?rest_route=%2Fwp%2Fv2%2Fcategories&post=321"},{"taxonomy":"post_tag","embeddable":true,"href":"https:\/\/bloc.xarxa-omnia.org\/verdum\/index.php?rest_route=%2Fwp%2Fv2%2Ftags&post=321"}],"curies":[{"name":"wp","href":"https:\/\/api.w.org\/{rel}","templated":true}]}}